{"id":19894,"date":"2016-12-13T12:01:31","date_gmt":"2016-12-13T14:01:31","guid":{"rendered":"http:\/\/catolicanet.net\/wp-cnet\/2016\/12\/13\/colaboradores-do-setor-universidades-participaram-iv-congresso-mundial-sobre-a-pastoral-dos-estudantes-internacionais\/"},"modified":"2017-05-26T13:18:14","modified_gmt":"2017-05-26T16:18:14","slug":"colaboradores-do-setor-universidades-participaram-iv-congresso-mundial-sobre-a-pastoral-dos-estudantes-internacionais","status":"publish","type":"post","link":"https:\/\/catolicanet.net\/wp-cnet\/colaboradores-do-setor-universidades-participaram-iv-congresso-mundial-sobre-a-pastoral-dos-estudantes-internacionais\/","title":{"rendered":"Colaboradores do Setor Universidades participaram IV Congresso Mundial Sobre a Pastoral dos Estudantes Internacionais"},"content":{"rendered":"<p style=\"text-align: justify;\"><img decoding=\"async\" src=\"http:\/\/www.catolicanet.com.br\/images\/stories\/noticias\/dsc_0406.jpg\" border=\"0\" align=\"left\" \/>Que estes jovens, ao retornarem para os seus pa\u00edses de origem, sejam transmissores da alegria do Evangelho, disse papa Francisco<\/p>\n<p>Aproximadamente 150 pessoas de 36 pa\u00edses e 5 continentes, entre elas bispos, padres, religiosas, professores, coordenadores e assessores de Pastoral Universit\u00e1ria, e estudantes internacionais participaram do IV Congresso Mundial Sobre a Pastoral dos Estudantes Internacionais, promovido pelo Pontif\u00edcio Conselho para a Pastoral dos Migrantes e Itinerantes, que abordou o tema \u201cEvangelii Gaudium do Papa Francisco e os desafios morais no mundo intelectual dos estudantes internacionais para uma sociedade mais humana\u201d. O evento foi realizado entre os dias 28 de novembro e 02 de dezembro, em Roma. Representando o Brasil, participam do Congresso dois colaboradores do Setor Universidades, o padre Silas Silva, da Arquidiocese de Manaus, e Taciane Barros, da Arquidiocese de Salvador, que tamb\u00e9m acompanha no pa\u00eds o N\u00facleo de Estudantes Internacionais, servi\u00e7o resultante de uma parceria entre o Setor Universidades e o Setor Mobilidade Humana da CNBB. Para D. Jo\u00e3o Justino, presidente da Comiss\u00e3o Episcopal Pastoral para a Cultura e a Educa\u00e7\u00e3o, a participa\u00e7\u00e3o destes colaboradores representa um momento especial da Igreja e das Institui\u00e7\u00f5es de Ensino Superior no Brasil, \u201co Ensino Superior no Brasil tem vivido um processo de internacionaliza\u00e7\u00e3o, por meio de interc\u00e2mbios, pol\u00edticas p\u00fablicas e do car\u00e1ter universal das linhas de pesquisa. No cen\u00e1rio da Igreja, o Papa Francisco tem dispensado aten\u00e7\u00e3o especial aos refugiados e migrantes. Neste sentido, os Servi\u00e7os de Acolhida aos Estudantes Estrangeiros que tem surgido, atrav\u00e9s das Past. Universit\u00e1rias no Brasil, s\u00e3o uma resposta \u00e0 essa tend\u00eancia do Ensino Superior e apelo do Papa Francisco\u201d.<\/p>\n<p>Com o objetivo de refletir a a\u00e7\u00e3o pastoral no \u00e2mbito universit\u00e1rio, especificamente a atua\u00e7\u00e3o da Igreja junto aos estudantes internacionais, o Congresso contou com diversas confer\u00eancias cujos temas foram extra\u00eddos da Exorta\u00e7\u00e3o Apost\u00f3lica Evangelii Gaudium, e que se relacionam com os desafios enfrentados e perspectivas dos jovens que vivem a experi\u00eancia de serem estudantes internacionais. <\/p>\n<p>Os participantes tiveram a oportunidade de participar de uma audi\u00eancia com o Papa Francisco. Dirigindo-se especialmente aos estudantes presentes no evento, o Santo Padre fez um apelo para que estes jovens, ao retornarem para os seus pa\u00edses de origem, sejam transmissores da alegria do Evangelho. \u201cQue seja para eles um ponto de partida para voltar ao seu pa\u00eds de origem e dar a sua contribui\u00e7\u00e3o qualificada e um impulso interior para transmitir a alegria da Boa Nova\u201d.<\/p>\n<p>O congresso contou, ainda, com interven\u00e7\u00f5es dos delegados fraternos do Patriarcado Ecum\u00eanico, da Comunh\u00e3o Anglicana, da Federa\u00e7\u00e3o Mundial Luterana e do Conselho Mundial de Igrejas.\u00a0 Tamb\u00e9m participaram do evento representantes do Hindu\u00edsmo, Islamismo, Budismo e Religi\u00e3o Sikh, que numa mesa redonda apresentaram as respostas de outras religi\u00f5es e cren\u00e7as aos desafios morais no mundo intelectual dos estudantes estrangeiros.<\/p>\n<p><img decoding=\"async\" src=\"http:\/\/www.catolicanet.com.br\/images\/stories\/noticias\/15192805.jpg\" border=\"0\" align=\"right\" \/>Os estudantes internacionais fizeram parte de mesas redondas nas quais apresentaram a sua experi\u00eancia como estudantes internacionais, abordaram o di\u00e1logo entre f\u00e9, ci\u00eancia e vida universit\u00e1ria, e o di\u00e1logo social na vida universit\u00e1ria para o bem comum da sociedade.<br \/>Com informa\u00e7\u00f5es do Setor Universidades da Comiss\u00e3o Episcopal Pastoral para a Cultura e a Educa\u00e7\u00e3o da CNBB<\/p>\n<p style=\"text-align: justify;\">\u00a0<\/p>\n<p style=\"text-align: justify;\">Fonte: CNBB<\/p>\n","protected":false},"excerpt":{"rendered":"<p>Que estes jovens, ao retornarem para os seus pa\u00edses de origem, sejam transmissores da alegria do Evangelho, disse papa Francisco Aproximadamente 150 pessoas de 36 pa\u00edses e 5 continentes, entre elas bispos, padres, religiosas, professores, coordenadores e assessores de Pastoral Universit\u00e1ria, e estudantes internacionais participaram do IV Congresso Mundial Sobre a Pastoral dos Estudantes Internacionais, [&hellip;]<\/p>\n","protected":false},"author":1,"featured_media":19893,"comment_status":"open","ping_status":"open","sticky":false,"template":"","format":"standard","meta":{"footnotes":""},"categories":[7],"tags":[],"class_list":["post-19894","post","type-post","status-publish","format-standard","has-post-thumbnail","hentry","category-cnbb"],"_links":{"self":[{"href":"https:\/\/catolicanet.net\/wp-cnet\/wp-json\/wp\/v2\/posts\/19894","targetHints":{"allow":["GET"]}}],"collection":[{"href":"https:\/\/catolicanet.net\/wp-cnet\/wp-json\/wp\/v2\/posts"}],"about":[{"href":"https:\/\/catolicanet.net\/wp-cnet\/wp-json\/wp\/v2\/types\/post"}],"author":[{"embeddable":true,"href":"https:\/\/catolicanet.net\/wp-cnet\/wp-json\/wp\/v2\/users\/1"}],"replies":[{"embeddable":true,"href":"https:\/\/catolicanet.net\/wp-cnet\/wp-json\/wp\/v2\/comments?post=19894"}],"version-history":[{"count":1,"href":"https:\/\/catolicanet.net\/wp-cnet\/wp-json\/wp\/v2\/posts\/19894\/revisions"}],"predecessor-version":[{"id":23304,"href":"https:\/\/catolicanet.net\/wp-cnet\/wp-json\/wp\/v2\/posts\/19894\/revisions\/23304"}],"wp:featuredmedia":[{"embeddable":true,"href":"https:\/\/catolicanet.net\/wp-cnet\/wp-json\/wp\/v2\/media\/19893"}],"wp:attachment":[{"href":"https:\/\/catolicanet.net\/wp-cnet\/wp-json\/wp\/v2\/media?parent=19894"}],"wp:term":[{"taxonomy":"category","embeddable":true,"href":"https:\/\/catolicanet.net\/wp-cnet\/wp-json\/wp\/v2\/categories?post=19894"},{"taxonomy":"post_tag","embeddable":true,"href":"https:\/\/catolicanet.net\/wp-cnet\/wp-json\/wp\/v2\/tags?post=19894"}],"curies":[{"name":"wp","href":"https:\/\/api.w.org\/{rel}","templated":true}]}}