{"id":19892,"date":"2016-12-13T11:28:55","date_gmt":"2016-12-13T13:28:55","guid":{"rendered":"http:\/\/catolicanet.net\/wp-cnet\/2016\/12\/13\/comissao-prepara-atualizacao-das-orientacoes-para-celebracoes-da-palavra\/"},"modified":"2017-05-26T13:18:30","modified_gmt":"2017-05-26T16:18:30","slug":"comissao-prepara-atualizacao-das-orientacoes-para-celebracoes-da-palavra","status":"publish","type":"post","link":"https:\/\/catolicanet.net\/wp-cnet\/comissao-prepara-atualizacao-das-orientacoes-para-celebracoes-da-palavra\/","title":{"rendered":"Comiss\u00e3o prepara atualiza\u00e7\u00e3o das orienta\u00e7\u00f5es para celebra\u00e7\u00f5es da Palavra"},"content":{"rendered":"<p style=\"text-align: justify;\"><img decoding=\"async\" src=\"http:\/\/www.catolicanet.com.br\/images\/stories\/noticias\/com-palavra-de-deus_dez2016.jpg\" border=\"0\" align=\"left\" \/>Novo texto ir\u00e1 abordar indica\u00e7\u00f5es do Documento de Aparecida e das exorta\u00e7\u00f5es Verbum Domini e Evangelii Gaudium <\/p>\n<p>A Comiss\u00e3o institu\u00edda na Confer\u00eancia Nacional dos Bispos do Brasil (CNBB) para refletir sobre a celebra\u00e7\u00e3o dominical da Palavra de Deus esteve reunida mais uma vez, na sede da entidade, em Bras\u00edlia (DF). No encontro, realizado na sexta-feira, dia 9, os membros j\u00e1 apresentaram alguns textos elaborados que poder\u00e3o compor um novo documento da Confer\u00eancia com orienta\u00e7\u00f5es para a celebra\u00e7\u00e3o dominical no tempo lit\u00fargico e na realidade de vida das comunidades.<\/p>\n<p>O assessor da Comiss\u00e3o Episcopal Pastoral para a Liturgia da CNBB, frei Faustino Paludo, explica que os bispos e assessores partilharam os textos que elaboraram sobre as celebra\u00e7\u00f5es dominicais da Palavra de Deus. Do trabalho em curso desde meados deste ano, sair\u00e1 um documento pastoral e orientativo. Por enquanto, o material est\u00e1 em est\u00e1gio de reflex\u00e3o para depois ser firmado e apresentado ao Conselho Permanente da CNBB.<\/p>\n<p>\u201cPrecisamos responder talvez com um novo modo de ver, esclarecer melhor teologicamente, mas tamb\u00e9m podermos fazer como bom subs\u00eddio para que essas celebra\u00e7\u00f5es tenham uma maior validade, especialmente no trabalho de forma\u00e7\u00e3o dos ministros e dos di\u00e1conos, daqueles que v\u00e3o atuar muito diretamente na vida das comunidades&#8221;, explicou o bispo de Paranava\u00ed (PR) e presidente da Comiss\u00e3o, dom Geremias Steinmetz.<\/p>\n<p>O trabalho tem como base o documento da Congrega\u00e7\u00e3o para o Culto Divino \u201cDiret\u00f3rio para celebra\u00e7\u00f5es dominicais na aus\u00eancia do presb\u00edtero\u201d e o Documento 52 da CNBB \u201cOrienta\u00e7\u00f5es para a Celebra\u00e7\u00e3o da Palavra de Deus\u201d. A atualiza\u00e7\u00e3o das orienta\u00e7\u00f5es ir\u00e1 abordar as indica\u00e7\u00f5es do Documento de Aparecida e as exorta\u00e7\u00f5es apost\u00f3licas do papa Bento XVI \u201cVerbum Domini \u2013 sobre a Palavra de Deus na vida e na miss\u00e3o da Igreja\u201d e do papa Francisco \u201cEvangelii Gaudium &#8211; sobre o an\u00fancio do Evangelho no mundo atual\u201d<br \/>Respostas \u00e0s urg\u00eancias<\/p>\n<p>De acordo com dom Geremias Steinmetz, a elabora\u00e7\u00e3o de um novo documento deve responder \u00e0 necessidade, uma vez que as celebra\u00e7\u00f5es dominicais s\u00e3o o \u00fanico alimento dispon\u00edvel para a vida de muitas comunidades no Brasil, e ainda \u00e0s tr\u00eas primeiras urg\u00eancias das Diretrizes Gerais da A\u00e7\u00e3o Evangelizadora da Igreja no Brasil (DGAE 2015-2019): \u201cIgreja em estado permanente de miss\u00e3o\u201d; \u201cIgreja: casa da inicia\u00e7\u00e3o \u00e0 vida crist\u00e3\u201d e \u201cIgreja: lugar de anima\u00e7\u00e3o b\u00edblica da vida e da pastoral\u201d.<\/p>\n<p>\u201cEssa quest\u00e3o precisa ser muito bem trabalhada na vida do povo e nos nossos documentos, visto que o \u00faltimo grande documento lan\u00e7ado sobre a celebra\u00e7\u00e3o da Palavra \u00e9 de 1994, j\u00e1 precisa ser repensado\u201d, considera. Dom Geremias acredita que o grupo est\u00e1 trabalhando com grandes preocupa\u00e7\u00f5es que as DGAE apresentam, que s\u00e3o a inicia\u00e7\u00e3o crist\u00e3, a anima\u00e7\u00e3o b\u00edblica da vida e da pastoral e tamb\u00e9m a quest\u00e3o mission\u00e1ria. \u201cEstamos mexendo em uma das coisas centrais, devido a situa\u00e7\u00e3o pastoral do pa\u00eds, em que faltam padres, principalmente nas regi\u00f5es mission\u00e1rias. E muitas vezes as pessoas que presidem as celebra\u00e7\u00f5es da Palavra ainda n\u00e3o tem o devido preparo\u201d, salienta.<\/p>\n<p>Fazem parte da Comiss\u00e3o, al\u00e9m de dom Geremias, os bispos de Castanhal do Par\u00e1 (PA), dom Carlos Verzeletti; e o da prelazia de Itaituba (PA), dom Wilmar Santin. S\u00e3o assessores a religiosa da Congrega\u00e7\u00e3o das Pias Disc\u00edpulas do Divino Mestre, irm\u00e3 Veronice Fernandes, e o secret\u00e1rio executivo do regional Sul 4 da CNBB, padre Luciano dos Santos<\/p>\n<p style=\"text-align: justify;\">\u00a0<\/p>\n<p style=\"text-align: justify;\">Fonte: CNBB<\/p>\n","protected":false},"excerpt":{"rendered":"<p>Novo texto ir\u00e1 abordar indica\u00e7\u00f5es do Documento de Aparecida e das exorta\u00e7\u00f5es Verbum Domini e Evangelii Gaudium A Comiss\u00e3o institu\u00edda na Confer\u00eancia Nacional dos Bispos do Brasil (CNBB) para refletir sobre a celebra\u00e7\u00e3o dominical da Palavra de Deus esteve reunida mais uma vez, na sede da entidade, em Bras\u00edlia (DF). No encontro, realizado na sexta-feira, [&hellip;]<\/p>\n","protected":false},"author":1,"featured_media":19891,"comment_status":"open","ping_status":"open","sticky":false,"template":"","format":"standard","meta":{"footnotes":""},"categories":[7],"tags":[],"class_list":["post-19892","post","type-post","status-publish","format-standard","has-post-thumbnail","hentry","category-cnbb"],"_links":{"self":[{"href":"https:\/\/catolicanet.net\/wp-cnet\/wp-json\/wp\/v2\/posts\/19892","targetHints":{"allow":["GET"]}}],"collection":[{"href":"https:\/\/catolicanet.net\/wp-cnet\/wp-json\/wp\/v2\/posts"}],"about":[{"href":"https:\/\/catolicanet.net\/wp-cnet\/wp-json\/wp\/v2\/types\/post"}],"author":[{"embeddable":true,"href":"https:\/\/catolicanet.net\/wp-cnet\/wp-json\/wp\/v2\/users\/1"}],"replies":[{"embeddable":true,"href":"https:\/\/catolicanet.net\/wp-cnet\/wp-json\/wp\/v2\/comments?post=19892"}],"version-history":[{"count":1,"href":"https:\/\/catolicanet.net\/wp-cnet\/wp-json\/wp\/v2\/posts\/19892\/revisions"}],"predecessor-version":[{"id":23305,"href":"https:\/\/catolicanet.net\/wp-cnet\/wp-json\/wp\/v2\/posts\/19892\/revisions\/23305"}],"wp:featuredmedia":[{"embeddable":true,"href":"https:\/\/catolicanet.net\/wp-cnet\/wp-json\/wp\/v2\/media\/19891"}],"wp:attachment":[{"href":"https:\/\/catolicanet.net\/wp-cnet\/wp-json\/wp\/v2\/media?parent=19892"}],"wp:term":[{"taxonomy":"category","embeddable":true,"href":"https:\/\/catolicanet.net\/wp-cnet\/wp-json\/wp\/v2\/categories?post=19892"},{"taxonomy":"post_tag","embeddable":true,"href":"https:\/\/catolicanet.net\/wp-cnet\/wp-json\/wp\/v2\/tags?post=19892"}],"curies":[{"name":"wp","href":"https:\/\/api.w.org\/{rel}","templated":true}]}}