{"id":19890,"date":"2016-12-13T10:53:04","date_gmt":"2016-12-13T12:53:04","guid":{"rendered":"http:\/\/catolicanet.net\/wp-cnet\/2016\/12\/13\/arquidiocese-de-sao-paulo-pede-oracoes-pela-saude-do-cardeal-dom-paulo-evaristo-arns\/"},"modified":"2017-05-26T13:18:46","modified_gmt":"2017-05-26T16:18:46","slug":"arquidiocese-de-sao-paulo-pede-oracoes-pela-saude-do-cardeal-dom-paulo-evaristo-arns","status":"publish","type":"post","link":"https:\/\/catolicanet.net\/wp-cnet\/arquidiocese-de-sao-paulo-pede-oracoes-pela-saude-do-cardeal-dom-paulo-evaristo-arns\/","title":{"rendered":"Arquidiocese de S\u00e3o Paulo pede ora\u00e7\u00f5es pela sa\u00fade do Cardeal Dom Paulo Evaristo Arns"},"content":{"rendered":"<p style=\"text-align: justify;\"><img decoding=\"async\" src=\"http:\/\/www.catolicanet.com.br\/images\/stories\/c_200.jpg\" border=\"0\" align=\"left\" \/>M\u00e9dicos informam que ele sofre uma broncopneumonia e seu quadro inspira cuidados<\/p>\n<p>O Cardeal Arcebispo de S\u00e3o Paulo, dom Odilo Scherer, comunicou \u00e0 CNBB que o arcebispo em\u00e9rito de S\u00e3o Paulo (SP) o Cardeal Dom Paulo Evaristo Arns encontra-se internado no Hospital Santa Catarina, na capital paulista. Dom Paulo deu entrada no hospital no dia 28 de novembro para tratar de problemas pulmonares decorrentes de sua idade avan\u00e7ada. Seu estado de sa\u00fade agravou-se nos \u00faltimos dias. A arquidiocese convida a todos a rezarem pelo Cardeal Arns. <\/p>\n<p>O boletim m\u00e9dico desta segunda-feira, 12 de dezembro, assinado pelos doutores Humberto Benedetti e Denise Shout do Hostpital Santa Catarina, traz a seguinte declara\u00e7\u00e3o: &#8220;Informamos que o Cardeal Dom Paulo Evaristo Arns, Arcebispo Em\u00e9rito da Arquidiocese de S\u00e3o Paulo, est\u00e1 internado em nossa Institui\u00e7\u00e3o desde o dia 28 de novembro, em decorr\u00eancia de uma broncopneumonia, e seu quadro inspira cuidados. N\u00e3o h\u00e1 previs\u00e3o de alta&#8221;<\/p>\n<p style=\"text-align: justify;\">\u00a0<\/p>\n<p style=\"text-align: justify;\">Fonte: CNBB<\/p>\n","protected":false},"excerpt":{"rendered":"<p>M\u00e9dicos informam que ele sofre uma broncopneumonia e seu quadro inspira cuidados O Cardeal Arcebispo de S\u00e3o Paulo, dom Odilo Scherer, comunicou \u00e0 CNBB que o arcebispo em\u00e9rito de S\u00e3o Paulo (SP) o Cardeal Dom Paulo Evaristo Arns encontra-se internado no Hospital Santa Catarina, na capital paulista. Dom Paulo deu entrada no hospital no dia [&hellip;]<\/p>\n","protected":false},"author":1,"featured_media":19195,"comment_status":"open","ping_status":"open","sticky":false,"template":"","format":"standard","meta":{"footnotes":""},"categories":[7],"tags":[],"class_list":["post-19890","post","type-post","status-publish","format-standard","has-post-thumbnail","hentry","category-cnbb"],"_links":{"self":[{"href":"https:\/\/catolicanet.net\/wp-cnet\/wp-json\/wp\/v2\/posts\/19890","targetHints":{"allow":["GET"]}}],"collection":[{"href":"https:\/\/catolicanet.net\/wp-cnet\/wp-json\/wp\/v2\/posts"}],"about":[{"href":"https:\/\/catolicanet.net\/wp-cnet\/wp-json\/wp\/v2\/types\/post"}],"author":[{"embeddable":true,"href":"https:\/\/catolicanet.net\/wp-cnet\/wp-json\/wp\/v2\/users\/1"}],"replies":[{"embeddable":true,"href":"https:\/\/catolicanet.net\/wp-cnet\/wp-json\/wp\/v2\/comments?post=19890"}],"version-history":[{"count":1,"href":"https:\/\/catolicanet.net\/wp-cnet\/wp-json\/wp\/v2\/posts\/19890\/revisions"}],"predecessor-version":[{"id":23306,"href":"https:\/\/catolicanet.net\/wp-cnet\/wp-json\/wp\/v2\/posts\/19890\/revisions\/23306"}],"wp:featuredmedia":[{"embeddable":true,"href":"https:\/\/catolicanet.net\/wp-cnet\/wp-json\/wp\/v2\/media\/19195"}],"wp:attachment":[{"href":"https:\/\/catolicanet.net\/wp-cnet\/wp-json\/wp\/v2\/media?parent=19890"}],"wp:term":[{"taxonomy":"category","embeddable":true,"href":"https:\/\/catolicanet.net\/wp-cnet\/wp-json\/wp\/v2\/categories?post=19890"},{"taxonomy":"post_tag","embeddable":true,"href":"https:\/\/catolicanet.net\/wp-cnet\/wp-json\/wp\/v2\/tags?post=19890"}],"curies":[{"name":"wp","href":"https:\/\/api.w.org\/{rel}","templated":true}]}}