{"id":19887,"date":"2016-12-12T16:08:23","date_gmt":"2016-12-12T18:08:23","guid":{"rendered":"http:\/\/catolicanet.net\/wp-cnet\/2016\/12\/12\/unidos-em-oracao-pelo-padre-evaristo-debiasi-3\/"},"modified":"2017-05-30T16:22:49","modified_gmt":"2017-05-30T19:22:49","slug":"unidos-em-oracao-pelo-padre-evaristo-debiasi-3","status":"publish","type":"post","link":"https:\/\/catolicanet.net\/wp-cnet\/unidos-em-oracao-pelo-padre-evaristo-debiasi-3\/","title":{"rendered":"Unidos em Ora\u00e7\u00e3o pelo Padre Evaristo Debiasi"},"content":{"rendered":"<p style=\"text-align: justify;\"><img decoding=\"async\" src=\"http:\/\/www.catolicanet.com.br\/images\/stories\/noticias\/52738552667e33eb1fba35383a2da217_xl.jpg\" border=\"0\" align=\"left\" \/>Unidos em Ora\u00e7\u00e3o pelo Padre Evaristo Debiasi<\/p>\n<p>A todos amigos, benfeitores, colaboradores e parceiros da Ajuda \u00e0 Igreja que Sofre:<br \/>Pedimos suas ora\u00e7\u00f5es pelo Padre Evaristo Debiasi.<br \/>28 de novembro de 2016<\/p>\n<p>O Pe. Evaristo Debiasi encontra-se atualmente em franco processo de reabilita\u00e7\u00e3o neurol\u00f3gica. Mant\u00e9m bom contato visual, responde \u00e0 ordens verbais com movimentos dos membros, que s\u00e3o realizados com baixa lat\u00eancia e em geral respeitam a lateralidade, e apresenta reflexos de tronco encef\u00e1lico como sempre o fez, e h\u00e1 mais de dois meses apresenta reflexo de piscamento (blinking) quando confrontado com est\u00edmulos visuais, o que denota a integridade de al\u00e7as reflexas com papel cortical funcionalmente \u00edntegro. Ele ir\u00e1 manter-se neste processo por meses ainda, n\u00e3o estando por ora perto do plateau de melhora funcional, uma vez que a cada semana soma-se um pequeno, mas percept\u00edvel ganho de fun\u00e7\u00e3o.<\/p>\n<p style=\"text-align: justify;\">\u00a0<\/p>\n<p style=\"text-align: justify;\">Fonte: ACN<\/p>\n","protected":false},"excerpt":{"rendered":"<p>Unidos em Ora\u00e7\u00e3o pelo Padre Evaristo Debiasi A todos amigos, benfeitores, colaboradores e parceiros da Ajuda \u00e0 Igreja que Sofre:Pedimos suas ora\u00e7\u00f5es pelo Padre Evaristo Debiasi.28 de novembro de 2016 O Pe. Evaristo Debiasi encontra-se atualmente em franco processo de reabilita\u00e7\u00e3o neurol\u00f3gica. Mant\u00e9m bom contato visual, responde \u00e0 ordens verbais com movimentos dos membros, que [&hellip;]<\/p>\n","protected":false},"author":1,"featured_media":19886,"comment_status":"open","ping_status":"open","sticky":false,"template":"","format":"standard","meta":{"footnotes":""},"categories":[4],"tags":[],"class_list":["post-19887","post","type-post","status-publish","format-standard","has-post-thumbnail","hentry","category-cotidiano"],"_links":{"self":[{"href":"https:\/\/catolicanet.net\/wp-cnet\/wp-json\/wp\/v2\/posts\/19887","targetHints":{"allow":["GET"]}}],"collection":[{"href":"https:\/\/catolicanet.net\/wp-cnet\/wp-json\/wp\/v2\/posts"}],"about":[{"href":"https:\/\/catolicanet.net\/wp-cnet\/wp-json\/wp\/v2\/types\/post"}],"author":[{"embeddable":true,"href":"https:\/\/catolicanet.net\/wp-cnet\/wp-json\/wp\/v2\/users\/1"}],"replies":[{"embeddable":true,"href":"https:\/\/catolicanet.net\/wp-cnet\/wp-json\/wp\/v2\/comments?post=19887"}],"version-history":[{"count":1,"href":"https:\/\/catolicanet.net\/wp-cnet\/wp-json\/wp\/v2\/posts\/19887\/revisions"}],"predecessor-version":[{"id":24846,"href":"https:\/\/catolicanet.net\/wp-cnet\/wp-json\/wp\/v2\/posts\/19887\/revisions\/24846"}],"wp:featuredmedia":[{"embeddable":true,"href":"https:\/\/catolicanet.net\/wp-cnet\/wp-json\/wp\/v2\/media\/19886"}],"wp:attachment":[{"href":"https:\/\/catolicanet.net\/wp-cnet\/wp-json\/wp\/v2\/media?parent=19887"}],"wp:term":[{"taxonomy":"category","embeddable":true,"href":"https:\/\/catolicanet.net\/wp-cnet\/wp-json\/wp\/v2\/categories?post=19887"},{"taxonomy":"post_tag","embeddable":true,"href":"https:\/\/catolicanet.net\/wp-cnet\/wp-json\/wp\/v2\/tags?post=19887"}],"curies":[{"name":"wp","href":"https:\/\/api.w.org\/{rel}","templated":true}]}}