{"id":19874,"date":"2016-12-12T12:55:21","date_gmt":"2016-12-12T14:55:21","guid":{"rendered":"http:\/\/catolicanet.net\/wp-cnet\/2016\/12\/12\/papa-telefona-ao-patriarca-tawadros-ii-pesar-pelas-vitimas-do-atentado\/"},"modified":"2017-06-02T13:09:41","modified_gmt":"2017-06-02T16:09:41","slug":"papa-telefona-ao-patriarca-tawadros-ii-pesar-pelas-vitimas-do-atentado","status":"publish","type":"post","link":"https:\/\/catolicanet.net\/wp-cnet\/papa-telefona-ao-patriarca-tawadros-ii-pesar-pelas-vitimas-do-atentado\/","title":{"rendered":"Papa telefona ao Patriarca Tawadros II: pesar pelas v\u00edtimas do atentado"},"content":{"rendered":"<p style=\"text-align: justify;\"><img decoding=\"async\" src=\"http:\/\/www.catolicanet.com.br\/images\/stories\/papas\/ansa497988_articolo.jpg\" border=\"0\" align=\"left\" \/>Cidade do Vaticano (RV) &#8211; O Papa Francisco telefonou, nesta segunda-feira (12\/12), ao Patriarca da Igreja copta-ortodoxa de Alexandria, Papa Tawadros II, para manifestar seu pesar pelo atentado perpetrado neste domingo (11\/12), contra a Catedral de S\u00e3o Marcos, no Cairo, Egito.<\/p>\n<p>Segundo o Diretor da Sala de Imprensa da Santa S\u00e9, Greg Burke, Francisco manifestou proximidade ao patriarca e \u00e0 comunidade copta atingida duramente pelo ataque, especialmente as mulheres e crian\u00e7as que s\u00e3o o n\u00famero mais elevado entre as v\u00edtimas.\u00a0 <\/p>\n<p>O Patriarca Tawadros II recordou a express\u00e3o do Papa Francisco, proferida durante o encontro, no Vaticano, \u201cecumenismo de sangue\u201d. Por sua vez, Francisco sublinhou que \u201cestamos unidos no sangue de nossos m\u00e1rtires\u201d. <\/p>\n<p>O Santo Padre prometeu rezar pela comunidade copta durante a missa que celebrar\u00e1 esta segunda-feira, na Bas\u00edlica Vaticana, na Festa de Nossa Senhora de Guadalupe. <\/p>\n<p>O Patriarca agradeceu ao Papa pela solidariedade neste momento e pediu ao pont\u00edfice para rezar por eles e pela paz no Egito.<\/p>\n<p style=\"text-align: justify;\">\u00a0<\/p>\n<p style=\"text-align: justify;\">Fonte: R\u00e1dio Vaticano<\/p>\n","protected":false},"excerpt":{"rendered":"<p>Cidade do Vaticano (RV) &#8211; O Papa Francisco telefonou, nesta segunda-feira (12\/12), ao Patriarca da Igreja copta-ortodoxa de Alexandria, Papa Tawadros II, para manifestar seu pesar pelo atentado perpetrado neste domingo (11\/12), contra a Catedral de S\u00e3o Marcos, no Cairo, Egito. Segundo o Diretor da Sala de Imprensa da Santa S\u00e9, Greg Burke, Francisco manifestou [&hellip;]<\/p>\n","protected":false},"author":1,"featured_media":19873,"comment_status":"open","ping_status":"open","sticky":false,"template":"","format":"standard","meta":{"footnotes":""},"categories":[3],"tags":[],"class_list":["post-19874","post","type-post","status-publish","format-standard","has-post-thumbnail","hentry","category-vaticano"],"_links":{"self":[{"href":"https:\/\/catolicanet.net\/wp-cnet\/wp-json\/wp\/v2\/posts\/19874","targetHints":{"allow":["GET"]}}],"collection":[{"href":"https:\/\/catolicanet.net\/wp-cnet\/wp-json\/wp\/v2\/posts"}],"about":[{"href":"https:\/\/catolicanet.net\/wp-cnet\/wp-json\/wp\/v2\/types\/post"}],"author":[{"embeddable":true,"href":"https:\/\/catolicanet.net\/wp-cnet\/wp-json\/wp\/v2\/users\/1"}],"replies":[{"embeddable":true,"href":"https:\/\/catolicanet.net\/wp-cnet\/wp-json\/wp\/v2\/comments?post=19874"}],"version-history":[{"count":1,"href":"https:\/\/catolicanet.net\/wp-cnet\/wp-json\/wp\/v2\/posts\/19874\/revisions"}],"predecessor-version":[{"id":27243,"href":"https:\/\/catolicanet.net\/wp-cnet\/wp-json\/wp\/v2\/posts\/19874\/revisions\/27243"}],"wp:featuredmedia":[{"embeddable":true,"href":"https:\/\/catolicanet.net\/wp-cnet\/wp-json\/wp\/v2\/media\/19873"}],"wp:attachment":[{"href":"https:\/\/catolicanet.net\/wp-cnet\/wp-json\/wp\/v2\/media?parent=19874"}],"wp:term":[{"taxonomy":"category","embeddable":true,"href":"https:\/\/catolicanet.net\/wp-cnet\/wp-json\/wp\/v2\/categories?post=19874"},{"taxonomy":"post_tag","embeddable":true,"href":"https:\/\/catolicanet.net\/wp-cnet\/wp-json\/wp\/v2\/tags?post=19874"}],"curies":[{"name":"wp","href":"https:\/\/api.w.org\/{rel}","templated":true}]}}