{"id":19872,"date":"2016-12-12T12:50:06","date_gmt":"2016-12-12T14:50:06","guid":{"rendered":"http:\/\/catolicanet.net\/wp-cnet\/2016\/12\/12\/papa-com-os-cardeais-do-c9-para-a-ultima-reuniao-de-2016\/"},"modified":"2017-06-02T11:45:43","modified_gmt":"2017-06-02T14:45:43","slug":"papa-com-os-cardeais-do-c9-para-a-ultima-reuniao-de-2016","status":"publish","type":"post","link":"https:\/\/catolicanet.net\/wp-cnet\/papa-com-os-cardeais-do-c9-para-a-ultima-reuniao-de-2016\/","title":{"rendered":"Papa com os cardeais do C9 para a \u00faltima reuni\u00e3o de 2016"},"content":{"rendered":"<p style=\"text-align: justify;\"><img decoding=\"async\" src=\"http:\/\/www.catolicanet.com.br\/images\/stories\/noticias\/ansa899401_articolo.jpg\" border=\"0\" align=\"left\" \/>Cidade do Vaticano (RV) \u2013 A partir desta segunda-feira (12\/12), o Papa Francisco se re\u00fane com os membros do Conselho dos Cardeais, tamb\u00e9m conhecido como C9, para o \u00faltimo encontro de 2016.<\/p>\n<p>Trata-se da 17\u00aa reuni\u00e3o desde que o Pont\u00edfice instituiu o grupo com o intuito de melhorar o servi\u00e7o prestado pelos v\u00e1rios dicast\u00e9rios vaticanos. No \u00faltimo encontro, em setembro passado, as aten\u00e7\u00f5es se concentraram nas Congrega\u00e7\u00f5es para o Clero e para os Bispos, e no perfil que n\u00fancios e bispos devem ter hoje.<\/p>\n<p>O C9 est\u00e1 examinando um amplo dossi\u00ea sobre o papel do Pontif\u00edcio Conselho para a Promo\u00e7\u00e3o da Unidade dos Crist\u00e3os e est\u00e1 estudando o tema da &#8220;diaconia da justi\u00e7a&#8221;. O\u00a0 grupo foi institu\u00eddo pelo Papa Francisco em 2013. A \u00faltima reuni\u00e3o de 2016 se encerra na quarta-feira (14\/12).<\/p>\n<p style=\"text-align: justify;\">\u00a0<\/p>\n<p style=\"text-align: justify;\">Fonte: R\u00e1dio Vaticano<\/p>\n","protected":false},"excerpt":{"rendered":"<p>Cidade do Vaticano (RV) \u2013 A partir desta segunda-feira (12\/12), o Papa Francisco se re\u00fane com os membros do Conselho dos Cardeais, tamb\u00e9m conhecido como C9, para o \u00faltimo encontro de 2016. Trata-se da 17\u00aa reuni\u00e3o desde que o Pont\u00edfice instituiu o grupo com o intuito de melhorar o servi\u00e7o prestado pelos v\u00e1rios dicast\u00e9rios vaticanos. [&hellip;]<\/p>\n","protected":false},"author":1,"featured_media":19871,"comment_status":"open","ping_status":"open","sticky":false,"template":"","format":"standard","meta":{"footnotes":""},"categories":[3],"tags":[],"class_list":["post-19872","post","type-post","status-publish","format-standard","has-post-thumbnail","hentry","category-vaticano"],"_links":{"self":[{"href":"https:\/\/catolicanet.net\/wp-cnet\/wp-json\/wp\/v2\/posts\/19872","targetHints":{"allow":["GET"]}}],"collection":[{"href":"https:\/\/catolicanet.net\/wp-cnet\/wp-json\/wp\/v2\/posts"}],"about":[{"href":"https:\/\/catolicanet.net\/wp-cnet\/wp-json\/wp\/v2\/types\/post"}],"author":[{"embeddable":true,"href":"https:\/\/catolicanet.net\/wp-cnet\/wp-json\/wp\/v2\/users\/1"}],"replies":[{"embeddable":true,"href":"https:\/\/catolicanet.net\/wp-cnet\/wp-json\/wp\/v2\/comments?post=19872"}],"version-history":[{"count":1,"href":"https:\/\/catolicanet.net\/wp-cnet\/wp-json\/wp\/v2\/posts\/19872\/revisions"}],"predecessor-version":[{"id":27244,"href":"https:\/\/catolicanet.net\/wp-cnet\/wp-json\/wp\/v2\/posts\/19872\/revisions\/27244"}],"wp:featuredmedia":[{"embeddable":true,"href":"https:\/\/catolicanet.net\/wp-cnet\/wp-json\/wp\/v2\/media\/19871"}],"wp:attachment":[{"href":"https:\/\/catolicanet.net\/wp-cnet\/wp-json\/wp\/v2\/media?parent=19872"}],"wp:term":[{"taxonomy":"category","embeddable":true,"href":"https:\/\/catolicanet.net\/wp-cnet\/wp-json\/wp\/v2\/categories?post=19872"},{"taxonomy":"post_tag","embeddable":true,"href":"https:\/\/catolicanet.net\/wp-cnet\/wp-json\/wp\/v2\/tags?post=19872"}],"curies":[{"name":"wp","href":"https:\/\/api.w.org\/{rel}","templated":true}]}}