{"id":19826,"date":"2016-12-08T12:19:26","date_gmt":"2016-12-08T14:19:26","guid":{"rendered":"http:\/\/catolicanet.net\/wp-cnet\/2016\/12\/08\/asiaturquia-membros-da-comissao-de-inquerito-sobre-o-golpe-fracassado-querem-indagar-sobre-os-contatos-entre-gulen-e-o-vaticano\/"},"modified":"2017-05-30T16:22:52","modified_gmt":"2017-05-30T19:22:52","slug":"asiaturquia-membros-da-comissao-de-inquerito-sobre-o-golpe-fracassado-querem-indagar-sobre-os-contatos-entre-gulen-e-o-vaticano","status":"publish","type":"post","link":"https:\/\/catolicanet.net\/wp-cnet\/asiaturquia-membros-da-comissao-de-inquerito-sobre-o-golpe-fracassado-querem-indagar-sobre-os-contatos-entre-gulen-e-o-vaticano\/","title":{"rendered":"\u00c1SIA\/TURQUIA &#8211; Membros da Comiss\u00e3o de inqu\u00e9rito sobre o golpe fracassado querem indagar sobre os contatos entre Gulen e o Vaticano"},"content":{"rendered":"<p style=\"text-align: justify;\"><img decoding=\"async\" src=\"http:\/\/www.catolicanet.com.br\/images\/stories\/noticias\/primopiano_3017.jpg\" border=\"0\" align=\"left\" \/>Ankara (Ag\u00eancia Fides) \u2013 Membros renomados da Comiss\u00e3o de inqu\u00e9rito turca encarregada de indagar sobre o fracassado golpe de Estado de 15 de julho manifestaram a inten\u00e7\u00e3o de investigar os contatos ocorridos no passado entre Fethullah Gulen \u2013 o pregador isl\u00e2mico turco expatriado nos EUA em 1999, acusado por Ancara de ser o mentor do fracassado golpe \u2013 e a Santa S\u00e9. Nos \u00faltimos dias, jornais considerados alinhados com o governo turco como Aksam e Yeni Safak referiram as declara\u00e7\u00f5es do Vice-Presidente da Comiss\u00e3o de inqu\u00e9rito, Sel\u00e7uk Ozdag, que \u00e9 um deputado pertencente ao AKP, Partido do Presidente Recep Tayyp Erdogan: &#8220;Antes de deixar a Turquia\u201d teria declarado Ozdag, \u201cFethullah G\u00fclen encontrou o Papa (Jo\u00e3o Paulo II, ndr) no Vaticano. Quem os colocou em contato? \u00c9 preciso informar-se junto ao Ministro das Rela\u00e7\u00f5es Exteriores no Vaticano\u201d.<br \/>Declara\u00e7\u00f5es an\u00e1logas sobre a possibilidade de envolver a Santa S\u00e9 nos trabalhos da Comiss\u00e3o de inqu\u00e9rito foram expressas tamb\u00e9m por Aykut Erdogdu, deputado do Partido Popular Republicano (Cumhuriyet Halk Partisi, CHP), forma\u00e7\u00e3o pol\u00edtica de oposi\u00e7\u00e3o, de tradi\u00e7\u00e3o leiga kemalista.<br \/>Fethullah Gulen encontrou no Vaticano o Papa Jo\u00e3o Paulo II em fevereiro de 1998. J\u00e1 desde agosto (veja Fides 10\/8\/2016), nas campanhas promovidas na m\u00eddia turca contra o pregador expatriado e seu movimento Hizmet, alguns jornalistas haviam dirigido fortes acusa\u00e7\u00f5es contra seus alvos pol\u00edticos, envolvendo tamb\u00e9m a Santa S\u00e9. O jornalista Mine Kirikkanat, em artigo publicado no cotidiano Cumhuriyet de domingo, 7 de agosto, chegou ao ponto de insinuar que Fethullah Gulen (imaginado pelo jornalista como um \u201cimame fiel da Igreja&#8221;) poderia ser o cardeal criado \u201cin pectore\u201d pelo pr\u00f3prio Pont\u00edfice polon\u00eas morto em 2 de abril de 2005, cujo nome jamais foi divulgado.<\/p>\n<p style=\"text-align: justify;\">\u00a0<\/p>\n<p>Fonte: Ag\u00eancia Fides<\/p>\n","protected":false},"excerpt":{"rendered":"<p>Ankara (Ag\u00eancia Fides) \u2013 Membros renomados da Comiss\u00e3o de inqu\u00e9rito turca encarregada de indagar sobre o fracassado golpe de Estado de 15 de julho manifestaram a inten\u00e7\u00e3o de investigar os contatos ocorridos no passado entre Fethullah Gulen \u2013 o pregador isl\u00e2mico turco expatriado nos EUA em 1999, acusado por Ancara de ser o mentor do [&hellip;]<\/p>\n","protected":false},"author":1,"featured_media":19825,"comment_status":"open","ping_status":"open","sticky":false,"template":"","format":"standard","meta":{"footnotes":""},"categories":[4],"tags":[],"class_list":["post-19826","post","type-post","status-publish","format-standard","has-post-thumbnail","hentry","category-cotidiano"],"_links":{"self":[{"href":"https:\/\/catolicanet.net\/wp-cnet\/wp-json\/wp\/v2\/posts\/19826","targetHints":{"allow":["GET"]}}],"collection":[{"href":"https:\/\/catolicanet.net\/wp-cnet\/wp-json\/wp\/v2\/posts"}],"about":[{"href":"https:\/\/catolicanet.net\/wp-cnet\/wp-json\/wp\/v2\/types\/post"}],"author":[{"embeddable":true,"href":"https:\/\/catolicanet.net\/wp-cnet\/wp-json\/wp\/v2\/users\/1"}],"replies":[{"embeddable":true,"href":"https:\/\/catolicanet.net\/wp-cnet\/wp-json\/wp\/v2\/comments?post=19826"}],"version-history":[{"count":1,"href":"https:\/\/catolicanet.net\/wp-cnet\/wp-json\/wp\/v2\/posts\/19826\/revisions"}],"predecessor-version":[{"id":24857,"href":"https:\/\/catolicanet.net\/wp-cnet\/wp-json\/wp\/v2\/posts\/19826\/revisions\/24857"}],"wp:featuredmedia":[{"embeddable":true,"href":"https:\/\/catolicanet.net\/wp-cnet\/wp-json\/wp\/v2\/media\/19825"}],"wp:attachment":[{"href":"https:\/\/catolicanet.net\/wp-cnet\/wp-json\/wp\/v2\/media?parent=19826"}],"wp:term":[{"taxonomy":"category","embeddable":true,"href":"https:\/\/catolicanet.net\/wp-cnet\/wp-json\/wp\/v2\/categories?post=19826"},{"taxonomy":"post_tag","embeddable":true,"href":"https:\/\/catolicanet.net\/wp-cnet\/wp-json\/wp\/v2\/tags?post=19826"}],"curies":[{"name":"wp","href":"https:\/\/api.w.org\/{rel}","templated":true}]}}