{"id":19820,"date":"2016-12-08T11:57:15","date_gmt":"2016-12-08T13:57:15","guid":{"rendered":"http:\/\/catolicanet.net\/wp-cnet\/2016\/12\/08\/gaudium-et-spes-igreja-fermento-e-alma-da-sociedade-humana\/"},"modified":"2017-06-02T10:55:16","modified_gmt":"2017-06-02T13:55:16","slug":"gaudium-et-spes-igreja-fermento-e-alma-da-sociedade-humana","status":"publish","type":"post","link":"https:\/\/catolicanet.net\/wp-cnet\/gaudium-et-spes-igreja-fermento-e-alma-da-sociedade-humana\/","title":{"rendered":"Gaudium et Spes: Igreja, fermento e alma da sociedade humana"},"content":{"rendered":"<p style=\"text-align: justify;\"><img decoding=\"async\" src=\"http:\/\/www.catolicanet.com.br\/images\/stories\/noticias\/reuters1853276_articolo.jpg\" border=\"0\" align=\"left\" \/>Cidade do Vaticano (RV) &#8211; No nosso espa\u00e7o Mem\u00f3ria Hist\u00f3rica &#8211; 50 anos do Conc\u00edlio Vaticano II, vamos continuar a tratar no Programa de hoje Da Constitui\u00e7\u00e3o Apost\u00f3lica Gaudium et Spes.<\/p>\n<p style=\"text-align: justify;\">\u00a0<\/p>\n<p style=\"text-align: justify;\"><a href=\"http:\/\/media02.radiovaticana.va\/audio\/audio2\/mp3\/00560720.mp3\">Clique aqui para ouvir:<\/a><\/p>\n<p style=\"text-align: justify;\">\u00a0<\/p>\n<p style=\"text-align: justify;\">No programa passado, vimos como muitos membros do Conc\u00edlio Vaticano II manifestaram a solidariedade da Igreja com as linhas de desenvolvimento e os esfor\u00e7os da humanidade para superar os grandes problemas da atualidade: a paz, a fome, a igualdade, a liberdade, a viol\u00eancia. Preocupa\u00e7\u00f5es estas, acompanhadas de orienta\u00e7\u00f5es, que conflu\u00edram na elabora\u00e7\u00e3o da Constitui\u00e7\u00e3o Apost\u00f3lica Gaudium et Spes.<\/p>\n<p>O Padre Gerson Schimdt introduziu tamb\u00e9m em sua reflex\u00e3o, tr\u00eas elementos concretos que podem ser identificado neste precioso documento: a concep\u00e7\u00e3o de Igreja, que situa o documento no \u00e2mbito doutrinal; a rela\u00e7\u00e3o entre hist\u00f3ria da salva\u00e7\u00e3o e a hist\u00f3ria dos homens e a miss\u00e3o da Igreja no mundo de hoje, t\u00edtulo do documento conciliar.<\/p>\n<p>\u201cNo programa de hoje, o sacerdote incardinado na Arquidiocese de Porto Alegre, continua a refletir sobre o primeiro elemento: a concep\u00e7\u00e3o de Igreja. Vamos ouvir:<\/p>\n<p>\u201cO mist\u00e9rio e minist\u00e9rio da Igreja est\u00e1 presente na Gaudium et Spes. A GS d\u00e1 continuidade \u00e0 Lumen Gentium e \u00e0 Sacrosanctum Concilium, nas quais, em seu conte\u00fado b\u00e1sico, j\u00e1 se encontra formulada uma nova concep\u00e7\u00e3o de Igreja.<\/p>\n<p>O te\u00f3logo Alberigo, a prop\u00f3sito, lembra que Sacrosanctum Concilium foi o primeiro documento a ser promulgado e, que, sobretudo em seus primeiros n\u00fameros do primeiro cap\u00edtulo, j\u00e1 cont\u00e9m a enuncia\u00e7\u00e3o de princ\u00edpios teol\u00f3gicos fundamentais formulados com precis\u00e3o e nitidez.<\/p>\n<p>A recupera\u00e7\u00e3o de uma concep\u00e7\u00e3o mais complexa e articulada da Igreja, encaminhada pela Sacrosanctum Concilium foi aprofundada sobretudo pela Lumen Gentium. A Constitui\u00e7\u00e3o sobre a Igreja retoma e desenvolve os elementos j\u00e1 postos em luz pela Liturgia, aprofundando de modo particular a natureza da Igreja como mist\u00e9rio e como povo de Deus. Ao mist\u00e9rio da Igreja faz refer\u00eancia expl\u00edcita o n\u00famero 40 da Gaudium et Spes, num contexto revelador. Diz assim o n\u00famero 40 da Gaudium et Spes:<\/p>\n<p>\u201cTudo quanto dissemos acerca da dignidade da pessoa humana, da comunidade dos homens, do significado profundo da atividade humana, constitui o fundamento das rela\u00e7\u00f5es entre a Igreja e o mundo e a base do seu di\u00e1logo rec\u00edproco. Pelo que, no presente cap\u00edtulo, pressupondo tudo o que o Conc\u00edlio j\u00e1 declarou acerca do mist\u00e9rio da Igreja, considerar-se-\u00e1 a mesma Igreja enquanto existe neste mundo e com ele vive e atua. A Igreja, que tem a sua origem no amor do eterno Pai (2), foi fundada, no tempo, por Cristo Redentor, e re\u00fane-se no Esp\u00edrito Santo (3), tem um fim salvador e escatol\u00f3gico, o qual s\u00f3 se poder\u00e1 atingir plenamente no outro mundo. Mas ela existe j\u00e1 atualmente na terra, composta de homens que s\u00e3o membros da cidade terrena e chamados a formar j\u00e1 na hist\u00f3ria humana a fam\u00edlia dos filhos de Deus, a qual deve crescer continuamente at\u00e9 \u00e0 vinda do Senhor. Unida em vista dos bens celestes e com eles enriquecida, esta fam\u00edlia foi por Cristo \u2018constitu\u00edda e organizada como sociedade neste mundo\u2019, dispondo de \u2018convenientes meios de unidade vis\u00edvel e social\u2019. Deste modo, a Igreja, simultaneamente \u2018agrupamento vis\u00edvel e comunidade espiritual\u2019, caminha juntamente com toda a humanidade, participa da mesma sorte terrena do mundo e \u00e9 como que o fermento e a alma da sociedade humana, a qual deve ser renovada em Cristo e transformada em fam\u00edlia de Deus\u201d.<\/p>\n<p>Portanto, a Igreja n\u00e3o existe fora do mundo, com ele atua e nele vive. Nessa cidade humana, anuncia e constr\u00f3i o Reino de Deus, o Reino que n\u00e3o \u00e9 deste mundo. Fermento e a alma da sociedade humana. A sociedade deve ser transformada em fam\u00edlia de Deus. A Igreja n\u00e3o \u00e9 deste tempo, mas mergulhada nesse tempo, no temporal e terreno, caminha para outro tempo escatol\u00f3gico\u201d.<\/p>\n<p style=\"text-align: justify;\">\u00a0<\/p>\n<p style=\"text-align: justify;\">Fonte: R\u00e1dio Vaticano<\/p>\n","protected":false},"excerpt":{"rendered":"<p>Cidade do Vaticano (RV) &#8211; No nosso espa\u00e7o Mem\u00f3ria Hist\u00f3rica &#8211; 50 anos do Conc\u00edlio Vaticano II, vamos continuar a tratar no Programa de hoje Da Constitui\u00e7\u00e3o Apost\u00f3lica Gaudium et Spes. \u00a0 Clique aqui para ouvir: \u00a0 No programa passado, vimos como muitos membros do Conc\u00edlio Vaticano II manifestaram a solidariedade da Igreja com as [&hellip;]<\/p>\n","protected":false},"author":1,"featured_media":19819,"comment_status":"open","ping_status":"open","sticky":false,"template":"","format":"standard","meta":{"footnotes":""},"categories":[3],"tags":[],"class_list":["post-19820","post","type-post","status-publish","format-standard","has-post-thumbnail","hentry","category-vaticano"],"_links":{"self":[{"href":"https:\/\/catolicanet.net\/wp-cnet\/wp-json\/wp\/v2\/posts\/19820","targetHints":{"allow":["GET"]}}],"collection":[{"href":"https:\/\/catolicanet.net\/wp-cnet\/wp-json\/wp\/v2\/posts"}],"about":[{"href":"https:\/\/catolicanet.net\/wp-cnet\/wp-json\/wp\/v2\/types\/post"}],"author":[{"embeddable":true,"href":"https:\/\/catolicanet.net\/wp-cnet\/wp-json\/wp\/v2\/users\/1"}],"replies":[{"embeddable":true,"href":"https:\/\/catolicanet.net\/wp-cnet\/wp-json\/wp\/v2\/comments?post=19820"}],"version-history":[{"count":1,"href":"https:\/\/catolicanet.net\/wp-cnet\/wp-json\/wp\/v2\/posts\/19820\/revisions"}],"predecessor-version":[{"id":27253,"href":"https:\/\/catolicanet.net\/wp-cnet\/wp-json\/wp\/v2\/posts\/19820\/revisions\/27253"}],"wp:featuredmedia":[{"embeddable":true,"href":"https:\/\/catolicanet.net\/wp-cnet\/wp-json\/wp\/v2\/media\/19819"}],"wp:attachment":[{"href":"https:\/\/catolicanet.net\/wp-cnet\/wp-json\/wp\/v2\/media?parent=19820"}],"wp:term":[{"taxonomy":"category","embeddable":true,"href":"https:\/\/catolicanet.net\/wp-cnet\/wp-json\/wp\/v2\/categories?post=19820"},{"taxonomy":"post_tag","embeddable":true,"href":"https:\/\/catolicanet.net\/wp-cnet\/wp-json\/wp\/v2\/tags?post=19820"}],"curies":[{"name":"wp","href":"https:\/\/api.w.org\/{rel}","templated":true}]}}