{"id":19808,"date":"2016-12-07T17:11:31","date_gmt":"2016-12-07T19:11:31","guid":{"rendered":"http:\/\/catolicanet.net\/wp-cnet\/2016\/12\/07\/pro-vidas-saudam-designacao-de-novo-secretario-de-saude-dos-estados-unidos\/"},"modified":"2017-05-30T16:22:52","modified_gmt":"2017-05-30T19:22:52","slug":"pro-vidas-saudam-designacao-de-novo-secretario-de-saude-dos-estados-unidos","status":"publish","type":"post","link":"https:\/\/catolicanet.net\/wp-cnet\/pro-vidas-saudam-designacao-de-novo-secretario-de-saude-dos-estados-unidos\/","title":{"rendered":"Pr\u00f3-vidas sa\u00fadam designa\u00e7\u00e3o de novo secret\u00e1rio de Sa\u00fade dos Estados Unidos"},"content":{"rendered":"<p style=\"text-align: justify;\"><img decoding=\"async\" src=\"http:\/\/www.catolicanet.com.br\/images\/stories\/noticias\/xtomprice.jpg\" border=\"0\" align=\"left\" \/>WASHINGTON DC, 07 Dez. 16 \/ 05:00 am (ACI).- As organiza\u00e7\u00f5es pr\u00f3-vida dos Estados Unidos elogiaram o an\u00fancio do presidente eleito Donald Trump sobre a nomea\u00e7\u00e3o do republicano Tom Price, congressista pelo estado da Ge\u00f3rgia, como o pr\u00f3ximo secret\u00e1rio de Servi\u00e7os Humanos e de Sa\u00fade (HHS).<\/p>\n<p>\u201cEm particular, os fortes valores pr\u00f3-vida (&#8230;) de Price o tornam o homem adequado para reformar uma ag\u00eancia que foi danificada por sua agressiva agenda abortista\u201d, disse Ashley McGuire, membro do \u2018The Catholic Association\u2019.<\/p>\n<p>McGuire assinalou em uma declara\u00e7\u00e3o que est\u00e3o seguros de que Price \u201cfinalmente por\u00e1 fim ao mandato anti-liberdade religiosa de HHS, assim como tamb\u00e9m introduzir\u00e1 reformas integrais para restaurar a ag\u00eancia (e convert\u00ea-la) em uma que promova realmente uma aten\u00e7\u00e3o da sa\u00fade e respeite a vida humana e a dignidade\u201d.<\/p>\n<p>Como membro do Congresso, Price recebeu 100% de qualifica\u00e7\u00e3o da organiza\u00e7\u00e3o pr\u00f3-vida Susan B. Anthony List. Antes dos seus seis per\u00edodos como congressista, o republicano atuou como cirurgi\u00e3o ortop\u00e9dico e tamb\u00e9m ensinou aos residentes do \u2018Grady Memorial Hospital\u2019, em Atlanta.<\/p>\n<p>\u201cH\u00e1 muito trabalho a ser feito para assegurar que tenhamos um sistema de sa\u00fade que funcione para os pacientes, as fam\u00edlias e os m\u00e9dicos; que lidere no mundo na cura e preven\u00e7\u00e3o de doen\u00e7as; e que esteja baseado em regras sensatas que protejam o bem-estar do pa\u00eds, ao mesmo tempo que adote o seu esp\u00edrito inovador\u201d, afirmou Price no \u00faltimo dia 29 de novembro.<\/p>\n<p>Enquanto estava no Congresso, Price patrocinou um projeto de lei que foi a resposta dos republicanos \u00e0 Lei de Cuidado de Sa\u00fade Acess\u00edvel, tamb\u00e9m conhecida como \u2018Obamacare\u2019. O \u2018Empowering Patients First Act\u2019 de 2015 procurou sem \u00eaxito a derroga\u00e7\u00e3o da lei de sa\u00fade e a sua substitui\u00e7\u00e3o por uma nova pol\u00edtica.<\/p>\n<p>\u2018Susan B. Anthony List\u2019 celebrou a \u201cexcelente elei\u00e7\u00e3o\u201d do Price e destacou seu \u201chist\u00f3rico pr\u00f3-vida\u201d, assim como seus esfor\u00e7os no Congresso para retirar o financiamento da Planned Parenthood.<\/p>\n<p>\u201cComo secret\u00e1rio do HHS desempenhar\u00e1 um papel chave no desenvolvimento de uma s\u00f3lida proposta de reforma da aten\u00e7\u00e3o m\u00e9dica que proteja a vida e as consci\u00eancias e que tamb\u00e9m promova op\u00e7\u00f5es para pessoas e fam\u00edlias com baixa renda\u201d, assinalou a organiza\u00e7\u00e3o.<\/p>\n<p>A nomea\u00e7\u00e3o de Price \u00e9 significativa por duas raz\u00f5es. Se substituir a lei atual de aten\u00e7\u00e3o m\u00e9dica, sua pol\u00edtica poderia atingir milh\u00f5es de pessoas, especialmente aqueles que compraram seguros nos interc\u00e2mbios estatais, receberam subs\u00eddios federais para seguros ou conseguiram a cobertura atrav\u00e9s de \u2018Medicare\u2019.<\/p>\n<p>Al\u00e9m disso, tamb\u00e9m poderia acabar com o controverso mandato da lei que obriga virtualmente todos os empregadores a incluir anticoncepcionais, esteriliza\u00e7\u00f5es e rem\u00e9dios que induzem o aborto em seus planos de sa\u00fade.<\/p>\n<p>Em rela\u00e7\u00e3o ao mandato abortista da administra\u00e7\u00e3o de Obama, que provocou processos de centenas de organiza\u00e7\u00f5es religiosas sem fins lucrativos e de empres\u00e1rios que alegavam que infringia suas cren\u00e7as religiosas, em 2012 Price disse a um jornalista que \u201cisto \u00e9 um pisoteio da liberdade religiosa neste pa\u00eds\u201d.<\/p>\n<p style=\"text-align: justify;\">\u00a0<\/p>\n<p style=\"text-align: justify;\">\u00a0<\/p>\n<p style=\"text-align: justify;\">Fonte: Acidigital<\/p>\n","protected":false},"excerpt":{"rendered":"<p>WASHINGTON DC, 07 Dez. 16 \/ 05:00 am (ACI).- As organiza\u00e7\u00f5es pr\u00f3-vida dos Estados Unidos elogiaram o an\u00fancio do presidente eleito Donald Trump sobre a nomea\u00e7\u00e3o do republicano Tom Price, congressista pelo estado da Ge\u00f3rgia, como o pr\u00f3ximo secret\u00e1rio de Servi\u00e7os Humanos e de Sa\u00fade (HHS). \u201cEm particular, os fortes valores pr\u00f3-vida (&#8230;) de Price [&hellip;]<\/p>\n","protected":false},"author":1,"featured_media":19807,"comment_status":"open","ping_status":"open","sticky":false,"template":"","format":"standard","meta":{"footnotes":""},"categories":[4],"tags":[],"class_list":["post-19808","post","type-post","status-publish","format-standard","has-post-thumbnail","hentry","category-cotidiano"],"_links":{"self":[{"href":"https:\/\/catolicanet.net\/wp-cnet\/wp-json\/wp\/v2\/posts\/19808","targetHints":{"allow":["GET"]}}],"collection":[{"href":"https:\/\/catolicanet.net\/wp-cnet\/wp-json\/wp\/v2\/posts"}],"about":[{"href":"https:\/\/catolicanet.net\/wp-cnet\/wp-json\/wp\/v2\/types\/post"}],"author":[{"embeddable":true,"href":"https:\/\/catolicanet.net\/wp-cnet\/wp-json\/wp\/v2\/users\/1"}],"replies":[{"embeddable":true,"href":"https:\/\/catolicanet.net\/wp-cnet\/wp-json\/wp\/v2\/comments?post=19808"}],"version-history":[{"count":1,"href":"https:\/\/catolicanet.net\/wp-cnet\/wp-json\/wp\/v2\/posts\/19808\/revisions"}],"predecessor-version":[{"id":24860,"href":"https:\/\/catolicanet.net\/wp-cnet\/wp-json\/wp\/v2\/posts\/19808\/revisions\/24860"}],"wp:featuredmedia":[{"embeddable":true,"href":"https:\/\/catolicanet.net\/wp-cnet\/wp-json\/wp\/v2\/media\/19807"}],"wp:attachment":[{"href":"https:\/\/catolicanet.net\/wp-cnet\/wp-json\/wp\/v2\/media?parent=19808"}],"wp:term":[{"taxonomy":"category","embeddable":true,"href":"https:\/\/catolicanet.net\/wp-cnet\/wp-json\/wp\/v2\/categories?post=19808"},{"taxonomy":"post_tag","embeddable":true,"href":"https:\/\/catolicanet.net\/wp-cnet\/wp-json\/wp\/v2\/tags?post=19808"}],"curies":[{"name":"wp","href":"https:\/\/api.w.org\/{rel}","templated":true}]}}