{"id":19804,"date":"2016-12-07T16:49:00","date_gmt":"2016-12-07T18:49:00","guid":{"rendered":"http:\/\/catolicanet.net\/wp-cnet\/2016\/12\/07\/desconhecidos-profanam-cemiterio-na-galileia-terra-santa\/"},"modified":"2017-05-26T11:00:58","modified_gmt":"2017-05-26T14:00:58","slug":"desconhecidos-profanam-cemiterio-na-galileia-terra-santa","status":"publish","type":"post","link":"https:\/\/catolicanet.net\/wp-cnet\/desconhecidos-profanam-cemiterio-na-galileia-terra-santa\/","title":{"rendered":"Desconhecidos profanam cemit\u00e9rio na Galileia, Terra Santa"},"content":{"rendered":"<p style=\"text-align: justify;\"><img decoding=\"async\" src=\"http:\/\/www.catolicanet.com.br\/images\/stories\/noticias\/xlapidasprofanadas.jpg\" border=\"0\" align=\"left\" \/>JERUSAL\u00c9M,(ACI).- Um cemit\u00e9rio crist\u00e3o na aldeia de Kfar Yassif, localizado na regi\u00e3o da Galileia (Israel), foi profanado por desconhecidos no dia 1\u00ba de dezembro com frases blasfemas escritas em \u00e1rabe nas tumbas, l\u00e1pides e paredes exteriores do lugar.<\/p>\n<p>O Patriarcado Latino de Jerusal\u00e9m publicou um comunicado em sua p\u00e1gina no qual assinalou que, \u201cem comunh\u00e3o com todas a Igrejas da Terra Santa, condena energicamente este ato de vandalismo\u201d que ocorreu na regi\u00e3o onde estava localizada Nazar\u00e9, localidade onde Jesus viveu.<\/p>\n<p>O Patriarcado tamb\u00e9m pediu \u00e0 pol\u00edcia local que encontre os respons\u00e1veis para lev\u00e1-los ante a justi\u00e7a \u201co mais r\u00e1pido poss\u00edvel\u201d e manifestou que compartilha \u201ca tristeza das fam\u00edlias dos defuntos de Kfar Yassif e deseja expressar-lhes a sua proximidade e solidariedade\u201d.<\/p>\n<p>A pol\u00edcia est\u00e1 investigando o caso e ainda n\u00e3o encontraram os respons\u00e1veis desta profana\u00e7\u00e3o.<\/p>\n<p>Esta n\u00e3o \u00e9 a primeira vez que um lugar crist\u00e3o na Terra Santa \u00e9 profanado. Desde 2012, grupos de judeus extremistas atacaram mosteiros, igrejas e inclusive mesquitas frequentadas pela popula\u00e7\u00e3o \u00e1rabe.<\/p>\n<p>Em outubro, um grupo de v\u00e2ndalos entrou na Bas\u00edlica da Transfigura\u00e7\u00e3o no Monte Tabor, roubaram um c\u00e1lice e jogaram as h\u00f3stias no ch\u00e3o.<\/p>\n<p>Em janeiro, foram encontradas na Abadia da Dormi\u00e7\u00e3o frases como \u201cMorte aos crist\u00e3os pag\u00e3os, inimigos de Israel\u201d e, em 2015, a Igreja da Multiplica\u00e7\u00e3o em Tagbha foi incendiada.<\/p>\n<p style=\"text-align: justify;\">\u00a0<\/p>\n<p style=\"text-align: justify;\">Fonte: Acidigital<\/p>\n","protected":false},"excerpt":{"rendered":"<p>JERUSAL\u00c9M,(ACI).- Um cemit\u00e9rio crist\u00e3o na aldeia de Kfar Yassif, localizado na regi\u00e3o da Galileia (Israel), foi profanado por desconhecidos no dia 1\u00ba de dezembro com frases blasfemas escritas em \u00e1rabe nas tumbas, l\u00e1pides e paredes exteriores do lugar. O Patriarcado Latino de Jerusal\u00e9m publicou um comunicado em sua p\u00e1gina no qual assinalou que, \u201cem comunh\u00e3o [&hellip;]<\/p>\n","protected":false},"author":1,"featured_media":19803,"comment_status":"open","ping_status":"open","sticky":false,"template":"","format":"standard","meta":{"footnotes":""},"categories":[3],"tags":[],"class_list":["post-19804","post","type-post","status-publish","format-standard","has-post-thumbnail","hentry","category-vaticano"],"_links":{"self":[{"href":"https:\/\/catolicanet.net\/wp-cnet\/wp-json\/wp\/v2\/posts\/19804","targetHints":{"allow":["GET"]}}],"collection":[{"href":"https:\/\/catolicanet.net\/wp-cnet\/wp-json\/wp\/v2\/posts"}],"about":[{"href":"https:\/\/catolicanet.net\/wp-cnet\/wp-json\/wp\/v2\/types\/post"}],"author":[{"embeddable":true,"href":"https:\/\/catolicanet.net\/wp-cnet\/wp-json\/wp\/v2\/users\/1"}],"replies":[{"embeddable":true,"href":"https:\/\/catolicanet.net\/wp-cnet\/wp-json\/wp\/v2\/comments?post=19804"}],"version-history":[{"count":1,"href":"https:\/\/catolicanet.net\/wp-cnet\/wp-json\/wp\/v2\/posts\/19804\/revisions"}],"predecessor-version":[{"id":23202,"href":"https:\/\/catolicanet.net\/wp-cnet\/wp-json\/wp\/v2\/posts\/19804\/revisions\/23202"}],"wp:featuredmedia":[{"embeddable":true,"href":"https:\/\/catolicanet.net\/wp-cnet\/wp-json\/wp\/v2\/media\/19803"}],"wp:attachment":[{"href":"https:\/\/catolicanet.net\/wp-cnet\/wp-json\/wp\/v2\/media?parent=19804"}],"wp:term":[{"taxonomy":"category","embeddable":true,"href":"https:\/\/catolicanet.net\/wp-cnet\/wp-json\/wp\/v2\/categories?post=19804"},{"taxonomy":"post_tag","embeddable":true,"href":"https:\/\/catolicanet.net\/wp-cnet\/wp-json\/wp\/v2\/tags?post=19804"}],"curies":[{"name":"wp","href":"https:\/\/api.w.org\/{rel}","templated":true}]}}