{"id":19782,"date":"2016-12-06T15:52:27","date_gmt":"2016-12-06T17:52:27","guid":{"rendered":"http:\/\/catolicanet.net\/wp-cnet\/2016\/12\/06\/oceania-card-ribat-a-igreja-na-oceania-tem-fe-mas-a-populacao-esta-em-perigo\/"},"modified":"2017-05-30T16:23:39","modified_gmt":"2017-05-30T19:23:39","slug":"oceania-card-ribat-a-igreja-na-oceania-tem-fe-mas-a-populacao-esta-em-perigo","status":"publish","type":"post","link":"https:\/\/catolicanet.net\/wp-cnet\/oceania-card-ribat-a-igreja-na-oceania-tem-fe-mas-a-populacao-esta-em-perigo\/","title":{"rendered":"OCEANIA &#8211; Card. Ribat: \u201cA Igreja na Oceania tem f\u00e9 mas a popula\u00e7\u00e3o est\u00e1 em perigo\u201d"},"content":{"rendered":"<p style=\"text-align: justify;\"><img decoding=\"async\" src=\"http:\/\/www.catolicanet.com.br\/images\/stories\/noticias\/primopiano_2993.jpg\" border=\"0\" align=\"left\" \/>Colombo (Ag\u00eancia Fides) \u2013 \u201cA Igreja na Oceania \u00e9 vibrante na f\u00e9. Em geral, somos uma Igreja jovem com comunidades vivazes e din\u00e2micas em n\u00edvel pastoral e social. Nosso compromisso \u00e9 a forma\u00e7\u00e3o permanente de nossos fi\u00e9is. Devemos agradecer as Igrejas da \u00c1sia que nos enviaram mission\u00e1rios, mas hoje estamos preocupados com a condi\u00e7\u00e3o social de nossas popula\u00e7\u00f5es, atingidas pelas mudan\u00e7as clim\u00e1ticas\u201d: \u00e9 o que diz \u00e0 Fides o Card. John Ribat, primeiro cardeal da Papua Nova Guin\u00e9, Arcebispo de Port Moresby, que participou da d\u00e9cima-primeira assembleia plen\u00e1ria da Federa\u00e7\u00e3o das Confer\u00eancias Episcopais da \u00c1sia (FABC), realizada em Negombo (nas redondezas de Colombo) em Sri Lanka. O Cardeal tomou parte do encontro em qualidade de presidente da Federa\u00e7\u00e3o das Confer\u00eancias Episcopais da Oceania (FCBCO), que compreende Austr\u00e1lia, Nova Zel\u00e2ndia, Papua Nova Guin\u00e9, Ilhas Salom\u00e3o, Fiji e 17 outras pequenas na\u00e7\u00f5es do Pacifico. No total, representa 84 dioceses de 21 pa\u00edses, com v\u00e1rias caracter\u00edsticas culturais, econ\u00f4micas e religiosas, muitos de maioria crist\u00e3.<br \/>\u201cAproveito a ocasi\u00e3o para agradecer os bispos asi\u00e1ticos para o envio de mission\u00e1rios em nossa regi\u00e3o\u201d observa Ribat. \u201cA maior parte de nossos mission\u00e1rios atualmente prov\u00e9m de pa\u00edses da \u00c1sia, como \u00cdndia, Filipinas, Indon\u00e9sia e Vietn\u00e3\u201d. O arcebispo, 59 anos, revela \u00e0 Fides que na Oceania acabam de terminar as celebra\u00e7\u00f5es do 50\u00ba anivers\u00e1rio de algumas dioceses na Papua Nova Guin\u00e9 e Ilhas Salom\u00e3o, e \u201co crescimento da Igreja local foi poss\u00edvel gra\u00e7as ao apoio fraterno das Igrejas asi\u00e1ticas\u201d. O Card. Ribat \u00e9 membro dos Mission\u00e1rios do Sagrado Cora\u00e7\u00e3o, congrega\u00e7\u00e3o fundada em 1854 pelo pe. Jules Chevalier em Issoudun, na Fran\u00e7a.<br \/>Em rela\u00e7\u00e3o \u00e0s quest\u00f5es atuais, o cardeal ressalta \u00e0 Fides: \u201cHoje, uma quest\u00e3o importante para as popula\u00e7\u00f5es da Oceania \u00e9 a das mudan\u00e7as clim\u00e1ticas. Embora sejamos n\u00f3s os respons\u00e1veis por este problema, somos fortemente atingidos\u201d, lamenta. Os efeitos negativos, explica, incluem o aumento do n\u00edvel do mar, a acidifica\u00e7\u00e3o dos oceanos e chuvas em per\u00edodos anormais; fen\u00f4menos que prejudicam gravemente as comunidades de pescadores e agricultores da regi\u00e3o.<br \/>\u201cEm alguns casos, regi\u00f5es e na\u00e7\u00f5es inteiras s\u00e3o amea\u00e7adas pelo indiscut\u00edvel aumento do n\u00edvel dos mares. Isto afeta, por exemplo, as ilhas Carteret, Fead, Kiribati, Marshall, Mortlock, Nukumanu, Tokelau e Tuvalu\u201d, recorda.<br \/>A vida e a condi\u00e7\u00e3o social das popula\u00e7\u00f5es ind\u00edgenas da Oceania geram forte preocupa\u00e7\u00e3o no Card. John Ribat: \u201cAtingidos por cont\u00ednuas inunda\u00e7\u00f5es e secas, as popula\u00e7\u00f5es reduziram significativamente a capacidade produtiva das terras e os nativos est\u00e3o sendo obrigados a fugir\u201d, releva, \u201co que alimenta um fen\u00f4meno migrat\u00f3rio pouco conhecido mas que afeta os habitantes do continente\u201d.<\/p>\n<p style=\"text-align: justify;\">\u00a0<\/p>\n<p style=\"text-align: justify;\">\u00a0<\/p>\n<p style=\"text-align: justify;\">Fonte: Ag\u00eancia Fides<\/p>\n","protected":false},"excerpt":{"rendered":"<p>Colombo (Ag\u00eancia Fides) \u2013 \u201cA Igreja na Oceania \u00e9 vibrante na f\u00e9. Em geral, somos uma Igreja jovem com comunidades vivazes e din\u00e2micas em n\u00edvel pastoral e social. Nosso compromisso \u00e9 a forma\u00e7\u00e3o permanente de nossos fi\u00e9is. Devemos agradecer as Igrejas da \u00c1sia que nos enviaram mission\u00e1rios, mas hoje estamos preocupados com a condi\u00e7\u00e3o social [&hellip;]<\/p>\n","protected":false},"author":1,"featured_media":19781,"comment_status":"open","ping_status":"open","sticky":false,"template":"","format":"standard","meta":{"footnotes":""},"categories":[4],"tags":[],"class_list":["post-19782","post","type-post","status-publish","format-standard","has-post-thumbnail","hentry","category-cotidiano"],"_links":{"self":[{"href":"https:\/\/catolicanet.net\/wp-cnet\/wp-json\/wp\/v2\/posts\/19782","targetHints":{"allow":["GET"]}}],"collection":[{"href":"https:\/\/catolicanet.net\/wp-cnet\/wp-json\/wp\/v2\/posts"}],"about":[{"href":"https:\/\/catolicanet.net\/wp-cnet\/wp-json\/wp\/v2\/types\/post"}],"author":[{"embeddable":true,"href":"https:\/\/catolicanet.net\/wp-cnet\/wp-json\/wp\/v2\/users\/1"}],"replies":[{"embeddable":true,"href":"https:\/\/catolicanet.net\/wp-cnet\/wp-json\/wp\/v2\/comments?post=19782"}],"version-history":[{"count":1,"href":"https:\/\/catolicanet.net\/wp-cnet\/wp-json\/wp\/v2\/posts\/19782\/revisions"}],"predecessor-version":[{"id":24865,"href":"https:\/\/catolicanet.net\/wp-cnet\/wp-json\/wp\/v2\/posts\/19782\/revisions\/24865"}],"wp:featuredmedia":[{"embeddable":true,"href":"https:\/\/catolicanet.net\/wp-cnet\/wp-json\/wp\/v2\/media\/19781"}],"wp:attachment":[{"href":"https:\/\/catolicanet.net\/wp-cnet\/wp-json\/wp\/v2\/media?parent=19782"}],"wp:term":[{"taxonomy":"category","embeddable":true,"href":"https:\/\/catolicanet.net\/wp-cnet\/wp-json\/wp\/v2\/categories?post=19782"},{"taxonomy":"post_tag","embeddable":true,"href":"https:\/\/catolicanet.net\/wp-cnet\/wp-json\/wp\/v2\/tags?post=19782"}],"curies":[{"name":"wp","href":"https:\/\/api.w.org\/{rel}","templated":true}]}}