{"id":19780,"date":"2016-12-06T15:47:50","date_gmt":"2016-12-06T17:47:50","guid":{"rendered":"http:\/\/catolicanet.net\/wp-cnet\/2016\/12\/06\/africard-congo-crise-politica-um-compromisso-e-possivel-mas-e-preciso-a-boa-vontade-de-todos-afirmam-os-bispos\/"},"modified":"2017-05-30T16:23:40","modified_gmt":"2017-05-30T19:23:40","slug":"africard-congo-crise-politica-um-compromisso-e-possivel-mas-e-preciso-a-boa-vontade-de-todos-afirmam-os-bispos","status":"publish","type":"post","link":"https:\/\/catolicanet.net\/wp-cnet\/africard-congo-crise-politica-um-compromisso-e-possivel-mas-e-preciso-a-boa-vontade-de-todos-afirmam-os-bispos\/","title":{"rendered":"\u00c1FRICA\/RD CONGO &#8211; Crise pol\u00edtica: \u201cUm compromisso \u00e9 poss\u00edvel, mas \u00e9 preciso a boa vontade de todos\u201d, afirmam os bispos"},"content":{"rendered":"<p style=\"text-align: justify;\"><img decoding=\"async\" src=\"http:\/\/www.catolicanet.com.br\/images\/stories\/noticias\/primopiano_2998.jpg\" border=\"0\" align=\"left\" \/>Kinshasa (Ag\u00eancia Fides) &#8211; \u201cUm compromisso pol\u00edtico ainda \u00e9 poss\u00edvel se as partes envolvidas se comprometerem e derem prova de boa vontade. Continuamos dispon\u00edveis a oferecer os nossos bons prop\u00f3sitos\u201d, afirma um comunicado da CENCO (Confer\u00eancia Episcopal da Rep\u00fablica Democr\u00e1tica do Congo) enviado \u00e0 Ag\u00eancia Fides.<br \/>O comunicado, assinado por Dom Marcel Utembi Tapa, Arcebispo de Kisangani e Presidente da CENCO, e por Dom Fridolin Ambongo Besengu, Arcebispo eleito de Mbandaka-Bikoro, Administrador Apost\u00f3lico de Bokungu-Ikela e Vice-Presidente da CENCO, ressalta a media\u00e7\u00e3o entre e maioria e a oposi\u00e7\u00e3o solicitada aos Bispos pelo Presidente Joseph Kabila e com o apoio da comunidade internacional.<br \/>Os bispos afirmam que o trabalho de media\u00e7\u00e3o \u201cevidenciou que existem v\u00e1rios pontos de converg\u00eancia entre as partes\u201d, mas que permanecem diverg\u00eancias importantes nos seguintes assuntos: a respeito da Constitui\u00e7\u00e3o e suas implica\u00e7\u00f5es com a crise atual; calend\u00e1rio eleitoral; financiamento das elei\u00e7\u00f5es; independ\u00eancia da Comiss\u00e3o Eleitoral Independente e do Conselho Superior dos meios audiovisuais congoleses; funcionamento das institui\u00e7\u00f5es durante o per\u00edodo de transi\u00e7\u00e3o.<br \/>A CENCO faz a media\u00e7\u00e3o entre maioria e oposi\u00e7\u00e3o para estabelecer datas e procedimentos para as elei\u00e7\u00f5es presidenciais, que deveriam se realizar at\u00e9 dezembro de 2016, no final do segundo e \u00faltimo mandato de Kabila, e para decidir o governo provis\u00f3rio que dever\u00e1 governar o pa\u00eds at\u00e9 as elei\u00e7\u00f5es.<\/p>\n<p style=\"text-align: justify;\">\u00a0<\/p>\n<p style=\"text-align: justify;\">\u00a0<\/p>\n<p style=\"text-align: justify;\">Fonte: Ag\u00eancia Fides<\/p>\n","protected":false},"excerpt":{"rendered":"<p>Kinshasa (Ag\u00eancia Fides) &#8211; \u201cUm compromisso pol\u00edtico ainda \u00e9 poss\u00edvel se as partes envolvidas se comprometerem e derem prova de boa vontade. Continuamos dispon\u00edveis a oferecer os nossos bons prop\u00f3sitos\u201d, afirma um comunicado da CENCO (Confer\u00eancia Episcopal da Rep\u00fablica Democr\u00e1tica do Congo) enviado \u00e0 Ag\u00eancia Fides.O comunicado, assinado por Dom Marcel Utembi Tapa, Arcebispo de [&hellip;]<\/p>\n","protected":false},"author":1,"featured_media":19779,"comment_status":"open","ping_status":"open","sticky":false,"template":"","format":"standard","meta":{"footnotes":""},"categories":[4],"tags":[],"class_list":["post-19780","post","type-post","status-publish","format-standard","has-post-thumbnail","hentry","category-cotidiano"],"_links":{"self":[{"href":"https:\/\/catolicanet.net\/wp-cnet\/wp-json\/wp\/v2\/posts\/19780","targetHints":{"allow":["GET"]}}],"collection":[{"href":"https:\/\/catolicanet.net\/wp-cnet\/wp-json\/wp\/v2\/posts"}],"about":[{"href":"https:\/\/catolicanet.net\/wp-cnet\/wp-json\/wp\/v2\/types\/post"}],"author":[{"embeddable":true,"href":"https:\/\/catolicanet.net\/wp-cnet\/wp-json\/wp\/v2\/users\/1"}],"replies":[{"embeddable":true,"href":"https:\/\/catolicanet.net\/wp-cnet\/wp-json\/wp\/v2\/comments?post=19780"}],"version-history":[{"count":1,"href":"https:\/\/catolicanet.net\/wp-cnet\/wp-json\/wp\/v2\/posts\/19780\/revisions"}],"predecessor-version":[{"id":24866,"href":"https:\/\/catolicanet.net\/wp-cnet\/wp-json\/wp\/v2\/posts\/19780\/revisions\/24866"}],"wp:featuredmedia":[{"embeddable":true,"href":"https:\/\/catolicanet.net\/wp-cnet\/wp-json\/wp\/v2\/media\/19779"}],"wp:attachment":[{"href":"https:\/\/catolicanet.net\/wp-cnet\/wp-json\/wp\/v2\/media?parent=19780"}],"wp:term":[{"taxonomy":"category","embeddable":true,"href":"https:\/\/catolicanet.net\/wp-cnet\/wp-json\/wp\/v2\/categories?post=19780"},{"taxonomy":"post_tag","embeddable":true,"href":"https:\/\/catolicanet.net\/wp-cnet\/wp-json\/wp\/v2\/tags?post=19780"}],"curies":[{"name":"wp","href":"https:\/\/api.w.org\/{rel}","templated":true}]}}