{"id":19772,"date":"2016-12-09T03:00:00","date_gmt":"2016-12-09T05:00:00","guid":{"rendered":"http:\/\/catolicanet.net\/wp-cnet\/2016\/12\/09\/terceiro-domingo-advento\/"},"modified":"2017-05-05T14:01:45","modified_gmt":"2017-05-05T17:01:45","slug":"terceiro-domingo-advento","status":"publish","type":"post","link":"https:\/\/catolicanet.net\/wp-cnet\/terceiro-domingo-advento\/","title":{"rendered":"Terceiro domingo advento"},"content":{"rendered":"<p style=\"text-align: justify;\">Na liturgia deste domingo, todos somos chamados a suplicar e viver a alegria da proximidade do nascimento do Verbo que assumiu a nossa humanidade: \u201cAlegrem-se o deserto e a terra seca&#8230; Dizei aos aflitos: Coragem! Nada de medo! A\u00ed est\u00e1 o vosso Deus&#8230; Ele vem para vos salvar.\u201d<br \/>As obras de Cristo s\u00e3o desconcertantes at\u00e9 para Jo\u00e3o Batista. Elas exigem discernimento para poder reconhecer o tempo da visita salv\u00edfica de Deus e acolh\u00ea-lo com alegria. Por isto, Jo\u00e3o, estando na pris\u00e3o, envia alguns dentre os disc\u00edpulos para perguntar a Jesus: \u201c\u00c9s tu aquele que h\u00e1 de vir, ou devemos esperar outro?\u201d(cf. Mt 11,3) Jesus responde sobre a base do texto do profeta Isa\u00edas: \u201c&#8230; cegos recuperam a vista, paral\u00edticos andam, leprosos s\u00e3o curados, surdos ouvem, mortos ressuscitam e aos pobres se anuncia a Boa-Nova\u201d.(cf. Mt 11,5) A resposta de Jesus a Jo\u00e3o \u00e9 suficiente para que este reconhe\u00e7a que o \u201choje\u201d da salva\u00e7\u00e3o se realiza nas palavras e em tudo que Jesus faz. Em outras palavras, Jesus \u00e9 o Messias, n\u00e3o \u00e9 preciso esperar outro. Os disc\u00edpulos de Jo\u00e3o retornam a ele para comunicar n\u00e3o s\u00f3 a resposta de Jesus, mas tamb\u00e9m aquilo deque eles mesmos s\u00e3o testemunhas: a vida vai sendo transformada pela presen\u00e7a do Senhor. \u00c9 a vez de Jesus dar testemunho de Jo\u00e3o. \u00c9 preciso n\u00e3o se deixar levar pela apar\u00eancia \u2013 Jo\u00e3o \u00e9 mais que um profeta, \u00e9 o precursor do Messias: \u201c&#8230; entre todos os nascidos de mulher, n\u00e3o surgiu quem fosse maior\u201d.<br \/>\u00c9 tempo de firmar o cora\u00e7\u00e3o, pois a vinda do Senhor est\u00e1 pr\u00f3xima. Alegrai-vos!<br \/>Podemos nos enganar na espera. Podemos nos colocar na porta errada, por onde n\u00e3o vai sair a pessoa que esperamos. Podemos nos confundir, quando a impaci\u00eancia nos faz desistir antes do tempo. Tamb\u00e9m na esperan\u00e7a, \u00e9 necess\u00e1rio o discernimento.<br \/>A vinda do Senhor est\u00e1 pr\u00f3xima. Esta vinda se antecipa simb\u00f3lica e realmente em cada Eucaristia. O Senhor nos assegura que as promessas que fez se tornar\u00e3o realidade. N\u00e3o devemos perder a esperan\u00e7a. \u00c9 preciso viver nossos sonhos como se j\u00e1 tivessem sido realizados.<br \/>Esta \u00e9 a verdadeira porta por onde vem a salva\u00e7\u00e3o. Jo\u00e3o preparou o caminho. Por seus frutos o conheceremos.<\/p>\n<p style=\"text-align: justify;\">\u00a0<\/p>\n<p style=\"text-align: justify;\">\u00a0<\/p>\n","protected":false},"excerpt":{"rendered":"<p>Na liturgia deste domingo, todos somos chamados a suplicar e viver a alegria da proximidade do nascimento do Verbo que assumiu a nossa humanidade: \u201cAlegrem-se o deserto e a terra seca&#8230; Dizei aos aflitos: Coragem! Nada de medo! A\u00ed est\u00e1 o vosso Deus&#8230; Ele vem para vos salvar.\u201dAs obras de Cristo s\u00e3o desconcertantes at\u00e9 para [&hellip;]<\/p>\n","protected":false},"author":10,"featured_media":0,"comment_status":"open","ping_status":"open","sticky":false,"template":"","format":"standard","meta":{"footnotes":""},"categories":[9],"tags":[],"class_list":["post-19772","post","type-post","status-publish","format-standard","hentry","category-artigos"],"_links":{"self":[{"href":"https:\/\/catolicanet.net\/wp-cnet\/wp-json\/wp\/v2\/posts\/19772","targetHints":{"allow":["GET"]}}],"collection":[{"href":"https:\/\/catolicanet.net\/wp-cnet\/wp-json\/wp\/v2\/posts"}],"about":[{"href":"https:\/\/catolicanet.net\/wp-cnet\/wp-json\/wp\/v2\/types\/post"}],"author":[{"embeddable":true,"href":"https:\/\/catolicanet.net\/wp-cnet\/wp-json\/wp\/v2\/users\/10"}],"replies":[{"embeddable":true,"href":"https:\/\/catolicanet.net\/wp-cnet\/wp-json\/wp\/v2\/comments?post=19772"}],"version-history":[{"count":1,"href":"https:\/\/catolicanet.net\/wp-cnet\/wp-json\/wp\/v2\/posts\/19772\/revisions"}],"predecessor-version":[{"id":21168,"href":"https:\/\/catolicanet.net\/wp-cnet\/wp-json\/wp\/v2\/posts\/19772\/revisions\/21168"}],"wp:attachment":[{"href":"https:\/\/catolicanet.net\/wp-cnet\/wp-json\/wp\/v2\/media?parent=19772"}],"wp:term":[{"taxonomy":"category","embeddable":true,"href":"https:\/\/catolicanet.net\/wp-cnet\/wp-json\/wp\/v2\/categories?post=19772"},{"taxonomy":"post_tag","embeddable":true,"href":"https:\/\/catolicanet.net\/wp-cnet\/wp-json\/wp\/v2\/tags?post=19772"}],"curies":[{"name":"wp","href":"https:\/\/api.w.org\/{rel}","templated":true}]}}