{"id":19755,"date":"2016-12-06T11:11:32","date_gmt":"2016-12-06T13:11:32","guid":{"rendered":"http:\/\/catolicanet.net\/wp-cnet\/2016\/12\/06\/religiosa-lanca-livro-ilustrado-sobre-santa-catarina-laboure\/"},"modified":"2017-05-30T16:23:41","modified_gmt":"2017-05-30T19:23:41","slug":"religiosa-lanca-livro-ilustrado-sobre-santa-catarina-laboure","status":"publish","type":"post","link":"https:\/\/catolicanet.net\/wp-cnet\/religiosa-lanca-livro-ilustrado-sobre-santa-catarina-laboure\/","title":{"rendered":"Religiosa lan\u00e7a livro ilustrado sobre Santa Catarina Labour\u00e9"},"content":{"rendered":"<p style=\"text-align: justify;\"><img decoding=\"async\" src=\"http:\/\/www.catolicanet.com.br\/images\/stories\/noticias\/41864534.jpg\" border=\"0\" align=\"left\" \/>Irm\u00e3 Helene Garcia dos Santos escreveu e ilustrou livro sobre Santa Catarina Labour\u00e9<\/p>\n<p>Karolina Granchi<\/p>\n<p>\u201cUm livro para evangelizar as crian\u00e7as e para conscientizar os adultos de que Deus existe\u201d. \u00c9 assim que a Irm\u00e3 Helene Garcia dos Santos, religiosa dos Monges da Trindade, em Monte Si\u00e3o (MG), define sua obra, lan\u00e7ada recentemente no munic\u00edpio.<\/p>\n<p>O trabalho, que durou dois anos de produ\u00e7\u00e3o, foi um pedido do padre Rodrigo Carneiro &#8211; Reitor e p\u00e1roco do Santu\u00e1rio da Medalha Milagrosa, e tamb\u00e9m uma resposta de Deus para a monja, que tem forma\u00e7\u00e3o em desenho industrial. \u201cO padre Rodrigo me pediu para escrever o livro contando a hist\u00f3ria da vida da santa. Como eu sou desenhista, pensei em juntar as duas coisas para que crian\u00e7as e adultos pudessem se informar sobre a vida de Santa Catarina Labour\u00e9 e tamb\u00e9m sobre a Medalha Milagrosa. Esse trabalho me fez ver que Deus me devolveu tudo o que eu gostava, me dando a oportunidade de fazer meu trabalho mesmo ap\u00f3s me entregar a vida religiosa\u201d, conta Irm\u00e3 Helene.<\/p>\n<p>A religiosa e devota de N.S. da Medalha Milagrosa explica que o ato de f\u00e9 de cada crist\u00e3o deve ser permanente, apesar da incredulidade presente no mundo. \u201cNossa Senhora quer nos dizer que tem gente que pede pouco. Na verdade ela quer nos mostrar que ela derrama as gra\u00e7as em todos que acreditam, ela est\u00e1 ali! \u00c9 importante que os devotos tamb\u00e9m entendam que \u00e9 preciso esperar em Deus, esperar o tempo dele. As vezes pedimos algo que n\u00e3o vem quando queremos, mas deixamos de reparar em tudo o que est\u00e1 acontecendo enquanto essa gra\u00e7a n\u00e3o \u00e9 atendida\u201d, diz.<\/p>\n<p>O livro \u201cSanta Catarina Labour\u00e9: a santa da Medalha Milagrosa\u201d pode ser adquirido na Sala das Gra\u00e7as, no Mosteiro SS Trindade, pelo site www.mongesdatrindade.com.br e tamb\u00e9m pelo telefone: (35) 3465-1544.<\/p>\n<p>Fonte: Rede Vida<\/p>\n","protected":false},"excerpt":{"rendered":"<p>Irm\u00e3 Helene Garcia dos Santos escreveu e ilustrou livro sobre Santa Catarina Labour\u00e9 Karolina Granchi \u201cUm livro para evangelizar as crian\u00e7as e para conscientizar os adultos de que Deus existe\u201d. \u00c9 assim que a Irm\u00e3 Helene Garcia dos Santos, religiosa dos Monges da Trindade, em Monte Si\u00e3o (MG), define sua obra, lan\u00e7ada recentemente no munic\u00edpio. [&hellip;]<\/p>\n","protected":false},"author":1,"featured_media":19754,"comment_status":"open","ping_status":"open","sticky":false,"template":"","format":"standard","meta":{"footnotes":""},"categories":[4],"tags":[],"class_list":["post-19755","post","type-post","status-publish","format-standard","has-post-thumbnail","hentry","category-cotidiano"],"_links":{"self":[{"href":"https:\/\/catolicanet.net\/wp-cnet\/wp-json\/wp\/v2\/posts\/19755","targetHints":{"allow":["GET"]}}],"collection":[{"href":"https:\/\/catolicanet.net\/wp-cnet\/wp-json\/wp\/v2\/posts"}],"about":[{"href":"https:\/\/catolicanet.net\/wp-cnet\/wp-json\/wp\/v2\/types\/post"}],"author":[{"embeddable":true,"href":"https:\/\/catolicanet.net\/wp-cnet\/wp-json\/wp\/v2\/users\/1"}],"replies":[{"embeddable":true,"href":"https:\/\/catolicanet.net\/wp-cnet\/wp-json\/wp\/v2\/comments?post=19755"}],"version-history":[{"count":1,"href":"https:\/\/catolicanet.net\/wp-cnet\/wp-json\/wp\/v2\/posts\/19755\/revisions"}],"predecessor-version":[{"id":24871,"href":"https:\/\/catolicanet.net\/wp-cnet\/wp-json\/wp\/v2\/posts\/19755\/revisions\/24871"}],"wp:featuredmedia":[{"embeddable":true,"href":"https:\/\/catolicanet.net\/wp-cnet\/wp-json\/wp\/v2\/media\/19754"}],"wp:attachment":[{"href":"https:\/\/catolicanet.net\/wp-cnet\/wp-json\/wp\/v2\/media?parent=19755"}],"wp:term":[{"taxonomy":"category","embeddable":true,"href":"https:\/\/catolicanet.net\/wp-cnet\/wp-json\/wp\/v2\/categories?post=19755"},{"taxonomy":"post_tag","embeddable":true,"href":"https:\/\/catolicanet.net\/wp-cnet\/wp-json\/wp\/v2\/tags?post=19755"}],"curies":[{"name":"wp","href":"https:\/\/api.w.org\/{rel}","templated":true}]}}