{"id":19752,"date":"2016-12-05T18:56:10","date_gmt":"2016-12-05T20:56:10","guid":{"rendered":"http:\/\/catolicanet.net\/wp-cnet\/2016\/12\/05\/um-ramo-saira-do-tronco-de-jesse-um-rebento-brotara-de-suas-raizes\/"},"modified":"2017-05-26T13:23:18","modified_gmt":"2017-05-26T16:23:18","slug":"um-ramo-saira-do-tronco-de-jesse-um-rebento-brotara-de-suas-raizes","status":"publish","type":"post","link":"https:\/\/catolicanet.net\/wp-cnet\/um-ramo-saira-do-tronco-de-jesse-um-rebento-brotara-de-suas-raizes\/","title":{"rendered":"\u201cUm ramo sair\u00e1 do tronco de Jess\u00e9, um rebento brotar\u00e1 de suas ra\u00edzes\u201d"},"content":{"rendered":"<p style=\"text-align: justify;\"><img decoding=\"async\" src=\"http:\/\/www.catolicanet.com.br\/images\/stories\/noticias\/chape.jpg\" border=\"0\" align=\"left\" \/>Citando passagem do profeta Isa\u00edas, bispo presta solidariedade \u00e0s fam\u00edlias e aos sobreviventes da trag\u00e9dia com a Chapecoense<\/p>\n<p>O bispo da diocese de Chapec\u00f3 (SC), dom Odelir Jos\u00e9 Magri divulgou mensagem de consolo aos familiares das v\u00edtimas e aos sobreviventes da trag\u00e9dia envolvendo o avi\u00e3o que transportava a delega\u00e7\u00e3o da Associa\u00e7\u00e3o Chapecoense de Futebol e profissionais de imprensa rumo \u00e0 Medell\u00edn, na Col\u00f4mbia, na ter\u00e7a-feira, 29 de novembro. No texto, dom Odelir Magri, diz que desde que a not\u00edcia do acidente chegou a Chapec\u00f3, a cidade passou a experimentar, sentir, viver a for\u00e7a da solidariedade, da comunh\u00e3o e da ora\u00e7\u00e3o. Segundo o bispo, o gesto dos irm\u00e3os colombianos, representa os mais diversos gestos de compaix\u00e3o e solidariedade de todos os povos, ra\u00e7as e credos. No vel\u00f3rio, s\u00e1bado, 3, dom Odelir leu mensagem do Papa Francisco em homenagem \u00e0s v\u00edtimas da trag\u00e9dia.<\/p>\n<p>Tamb\u00e9m o regional Sul 4 da Confer\u00eancia Nacional dos Bispos do Brasil (CNBB), no estado de Santa Catarina, emitiu Nota de Solidariedade. A declara\u00e7\u00e3o afirma que \u201ca Igreja Cat\u00f3lica em Santa Catarina e o Regional Sul 4 da CNBB, na hora de tanto sofrimento, lamenta o que ocorreu e manifesta solidariedade, em especial para com os familiares e amigos mais pr\u00f3ximos das v\u00edtimas: dirigentes, atletas, os profissionais da comunica\u00e7\u00e3o, convidados e tripulantes\u201d.<\/p>\n<p>Leia a carta de dom Odelir na \u00edntegra:<\/p>\n<p>\u201cUm ramo sair\u00e1 do tronco de Jess\u00e9, um rebento brotar\u00e1 de suas ra\u00edzes\u201d (Is, 11,1)<\/p>\n<p>Irm\u00e3os e irm\u00e3s<br \/>Povo de Deus da Diocese de Chapec\u00f3<br \/>Familiares das v\u00edtimas e dos sobreviventes.<\/p>\n<p>Desde que chegou at\u00e9 n\u00f3s a not\u00edcia deste dram\u00e1tico acidente envolvendo os jogadores da Chape, equipe t\u00e9cnica, Diretoria, profissionais dos meios de comunica\u00e7\u00e3o (jornal, TV, r\u00e1dio); especialmente em Chapec\u00f3, temos experimentado e vivido dois tipos de sentimentos. Primeiro, lembrar que no dia 28 de novembro entramos na noite em um clima de alegria, de festa e de muita expectativa com a final da Copa Sul Americana que se aproximava. J\u00e1 estava entalado na nossa garganta o desejo de poder come\u00e7ar a gritar: \u00c9 CAMPE\u00c3O.\u00a0 <\/p>\n<p>No dia 29, por\u00e9m, acordamos ou fomos acordados com a derradeira informa\u00e7\u00e3o de que o avi\u00e3o que transportava a Chape havia ca\u00eddo na Col\u00f4mbia. E aos poucos com a confirma\u00e7\u00e3o da verdade e as propor\u00e7\u00f5es dram\u00e1ticas do acontecido, um sentimento de tristeza, de perda, de dor e do luto invadiu nossas almas, nossos cora\u00e7\u00f5es, nossos lares, nossa cidade, nossa torcida, enfim, a fam\u00edlia chape.<\/p>\n<p>Foi dif\u00edcil acreditar. Mas, infelizmente era a mais pura verdade! Confirmados 71 mortos e 6 sobreviventes do tr\u00e1gico acidente com o avi\u00e3o da companhia LaMia.<\/p>\n<p>De repente. Tudo mudou. E algumas perguntas n\u00e3o querem calar. Mas como? Por qu\u00ea? Para qu\u00ea? Meu Deus&#8230;<\/p>\n<p>E daquele momento em diante passamos a experimentar, sentir, viver a for\u00e7a da solidariedade, da comunh\u00e3o e da ora\u00e7\u00e3o. Nesse sentido como n\u00e3o se lembrar do gesto de nossos irm\u00e3os Colombianos, representando os mais diversos gestos de compaix\u00e3o e solidariedade de todos os povos, ra\u00e7as e credos.<\/p>\n<p>E um texto da Palavra de Deus (Is 11,1) das leituras do dia do acidente, (ter\u00e7a feira dia 28 de novembro, 1\u00aa semana de advento), ficou especialmente para n\u00f3s de Chapec\u00f3, como uma luz, uma resposta de sentido na f\u00e9 e um sinal de esperan\u00e7a. \u201cUm ramo sair\u00e1 do tronco de Jess\u00e9, um rebento brotar\u00e1 de suas ra\u00edzes\u201d (Is, 11,1)<\/p>\n<p>A CHAPE representa essa \u00e1rvore que cresceu, criou ra\u00edzes, ficou grande, bela e estava no auge de sua colheita. \u00c0 sua sombra de abrigava e celebrava a Fam\u00edlia Chape. Naquela noite essa \u00e1rvore foi atingida, foi decepada, foi machucada. Mas a \u00e1rvore n\u00e3o morreu. Do seu tronco nascer\u00e1 um broto (um rebento) que crescer\u00e1, dar\u00e1 muitos frutos e um deles ser\u00e1 NOVAS ALEGRIAS. Esta \u00e9 nossa esperan\u00e7a. EU ACREDITO! <\/p>\n<p>Eu acredito porque o clube Chape representa hoje no Brasil uma experi\u00eancia humilde e vitoriosa. \u00c9 uma Equipe ou uma experi\u00eancia de sucesso alicer\u00e7ada numa organiza\u00e7\u00e3o e gest\u00e3o s\u00e9ria de recursos humanos e financeiros. Representa a certeza de que em nosso pa\u00eds ainda existem pessoas e cidad\u00e3os do bem, que sonham e lutam por objetivos comuns. A Chape representa a possibilidade do esporte trazer alegrias a um povo sem depender do investimento de bilh\u00f5es.<\/p>\n<p>Nesse momento hist\u00f3rico que vive o nosso pa\u00eds, t\u00e3o desacreditado e marcado por exemplos de corporativismo para o mal, com a aprova\u00e7\u00e3o de leis que legalizam a morte de inocentes, de corrup\u00e7\u00e3o vergonhosa, de falta de \u00e9tica em todos os n\u00edveis e classes, especialmente entre muitos agentes pol\u00edticos. Eis um pequeno e humilde exemplo a ser seguido, sem achar que tudo est\u00e1 perfeito.<\/p>\n<p>Aos sucessores desse time de guerreiros e campe\u00f5es, fica a honra, o dever moral e o compromisso de substitu\u00ed-los \u00e0 altura, lutando sempre juntos, at\u00e9 a morte se preciso for, pela VIT\u00d3RIA da Vida, do Bem comum, da compet\u00eancia e da honestidade.\u00a0 <\/p>\n<p>Ent\u00e3o ser\u00e1 poss\u00edvel gritar novamente: \u00c9 CAMPE\u00c3O tamb\u00e9m ao nosso Brasil!<\/p>\n<p>Portanto, juntos, hoje como fam\u00edlia de Deus, como fam\u00edlia Chape, sem distin\u00e7\u00e3o de credo, de ra\u00e7a ou de nacionalidade&#8230; vamos fortalecer nossa corrente de solidariedade e a f\u00e9 na VIDA.<\/p>\n<p>&#8220;Vamos Chape, Chape, Chape&#8230;&#8221;<\/p>\n<p>For\u00e7a Fam\u00edlia Chape! <\/p>\n<p>Dom Odelir Jos\u00e9 Magri<br \/>Bispo diocesano de Chapec\u00f3, SC<br \/>Com informa\u00e7\u00f5es da diocese de Chapec\u00f3 (SC)<\/p>\n<p style=\"text-align: justify;\">\u00a0<\/p>\n<p style=\"text-align: justify;\">Fonte: CNBB<\/p>\n","protected":false},"excerpt":{"rendered":"<p>Citando passagem do profeta Isa\u00edas, bispo presta solidariedade \u00e0s fam\u00edlias e aos sobreviventes da trag\u00e9dia com a Chapecoense O bispo da diocese de Chapec\u00f3 (SC), dom Odelir Jos\u00e9 Magri divulgou mensagem de consolo aos familiares das v\u00edtimas e aos sobreviventes da trag\u00e9dia envolvendo o avi\u00e3o que transportava a delega\u00e7\u00e3o da Associa\u00e7\u00e3o Chapecoense de Futebol e [&hellip;]<\/p>\n","protected":false},"author":1,"featured_media":19751,"comment_status":"open","ping_status":"open","sticky":false,"template":"","format":"standard","meta":{"footnotes":""},"categories":[7],"tags":[],"class_list":["post-19752","post","type-post","status-publish","format-standard","has-post-thumbnail","hentry","category-cnbb"],"_links":{"self":[{"href":"https:\/\/catolicanet.net\/wp-cnet\/wp-json\/wp\/v2\/posts\/19752","targetHints":{"allow":["GET"]}}],"collection":[{"href":"https:\/\/catolicanet.net\/wp-cnet\/wp-json\/wp\/v2\/posts"}],"about":[{"href":"https:\/\/catolicanet.net\/wp-cnet\/wp-json\/wp\/v2\/types\/post"}],"author":[{"embeddable":true,"href":"https:\/\/catolicanet.net\/wp-cnet\/wp-json\/wp\/v2\/users\/1"}],"replies":[{"embeddable":true,"href":"https:\/\/catolicanet.net\/wp-cnet\/wp-json\/wp\/v2\/comments?post=19752"}],"version-history":[{"count":1,"href":"https:\/\/catolicanet.net\/wp-cnet\/wp-json\/wp\/v2\/posts\/19752\/revisions"}],"predecessor-version":[{"id":23316,"href":"https:\/\/catolicanet.net\/wp-cnet\/wp-json\/wp\/v2\/posts\/19752\/revisions\/23316"}],"wp:featuredmedia":[{"embeddable":true,"href":"https:\/\/catolicanet.net\/wp-cnet\/wp-json\/wp\/v2\/media\/19751"}],"wp:attachment":[{"href":"https:\/\/catolicanet.net\/wp-cnet\/wp-json\/wp\/v2\/media?parent=19752"}],"wp:term":[{"taxonomy":"category","embeddable":true,"href":"https:\/\/catolicanet.net\/wp-cnet\/wp-json\/wp\/v2\/categories?post=19752"},{"taxonomy":"post_tag","embeddable":true,"href":"https:\/\/catolicanet.net\/wp-cnet\/wp-json\/wp\/v2\/tags?post=19752"}],"curies":[{"name":"wp","href":"https:\/\/api.w.org\/{rel}","templated":true}]}}