{"id":1975,"date":"2012-08-21T13:57:41","date_gmt":"2012-08-21T16:57:41","guid":{"rendered":"http:\/\/catolicanet.net\/wp-cnet\/infancia-e-adolescencia-missionaria-preparam-celebracao-de-170-anos\/"},"modified":"2017-03-21T14:05:19","modified_gmt":"2017-03-21T17:05:19","slug":"infancia-e-adolescencia-missionaria-preparam-celebracao-de-170-anos","status":"publish","type":"post","link":"https:\/\/catolicanet.net\/wp-cnet\/infancia-e-adolescencia-missionaria-preparam-celebracao-de-170-anos\/","title":{"rendered":"Inf\u00e2ncia e Adolesc\u00eancia Mission\u00e1ria preparam celebra\u00e7\u00e3o de 170 anos"},"content":{"rendered":"<p style=\"text-align: justify;\"><img decoding=\"async\" src=\"http:\/\/catolicanet.com.br\/images\/stories\/infanciaeadolescente.jpg\" border=\"0\" align=\"left\" \/>Em 2013, a Inf\u00e2ncia e Adolesc\u00eancia Mission\u00e1ria (IAM), uma das quatro Pontif\u00edcias Obras Mission\u00e1rias (POM) celebra 170 anos de funda\u00e7\u00e3o. Presente em todo o mundo, a Obra nasceu em 1843 e deve seu nome \u00e0 vontade de confi\u00e1-la \u00e0 prote\u00e7\u00e3o do Menino Jesus. \u0093Com a convic\u00e7\u00e3o de que as crian\u00e7as podem ser uma for\u00e7a espiritual e social para uma real transforma\u00e7\u00e3o do mundo, a IAM pretende suscitar um movimento de crian\u00e7as crist\u00e3s dedicadas a ajudar outras crian\u00e7as\u0094.<\/p>\n<p>Com base nesses princ\u00edpios, presentes no Estatuto das Pontif\u00edcias Obras Mission\u00e1rias, o Ano da IAM ser\u00e1 comemorado entre maio de 2013 e maio de 2014 para dar continuidade ao crescimento da Obra no Brasil. A celebra\u00e7\u00e3o ser\u00e1 aberta com a Jornada Nacional da Inf\u00e2ncia e Adolesc\u00eancia Mission\u00e1ria. Trata-se de um evento permanente que deve fazer parte da agenda anual da Obra a partir de 2013.<\/p>\n<p>\u0093A Jornada Nacional da IAM ser\u00e1 um evento anual que acontecer\u00e1 sempre no terceiro domingo de maio, com o objetivo de consagrar as crian\u00e7as de todo o Brasil aos cinco continentes. No pr\u00f3ximo ano as consagraremos ao continente americano e, na Assembleia Nacional da IAM (dezembro), n\u00f3s escolhemos o tema e o lema e o continente que ser\u00e1 consagrado no ano seguinte\u0094, explicou o secret\u00e1rio nacional da Obra, Padre Andr\u00e9 Luiz de Negreiros.<\/p>\n<p>Durante a celebra\u00e7\u00e3o do Ano da IAM, as crian\u00e7as e adolescentes, a exemplo da Campanha Mission\u00e1ria, receber\u00e3o em seus grupos, hoje em torno de 30 mil espalhados em todo o Brasil, os materiais e subs\u00eddios de apoio como cartaz, logomarca, tema e lema, roteiros de celebra\u00e7\u00e3o e, como compromisso, juntamente com os assessores, o len\u00e7o e escudo (s\u00edmbolos da Obra) e os novos materiais que est\u00e3o em fase de reformula\u00e7\u00e3o.<\/p>\n<p>Segundo Padre Andr\u00e9, a Jornada Nacional da IAM possibilitar\u00e1 tamb\u00e9m a organiza\u00e7\u00e3o do envio dos cofrinhos mission\u00e1rios que hoje acontece ao longo de todo o ano. \u0093Maio seria dedicado ao envio dos cofrinhos mission\u00e1rios com data fixa para a arrecada\u00e7\u00e3o, como \u00e9 feito hoje com a Campanha Mission\u00e1ria. Assim a presta\u00e7\u00e3o de contas seria acompanhada com mais proximidade\u0094, disse o secret\u00e1rio.<\/p>\n<p>A proposta das Pontif\u00edcias Obras Mission\u00e1rias \u00e9 que os regionais fa\u00e7am, durante a celebra\u00e7\u00e3o do Ano da IAM, mini-congressos diocesanos ou com o agrupamento de dioceses vizinhas. A tem\u00e1tica deve estar em sintonia com o Congresso Americano da IAM que acontecer\u00e1 em 2014, em Aparecida (SP), evento para assessores da IAM, que ser\u00e1 o desfecho das celebra\u00e7\u00f5es dos 170 anos da Obra. \u0093Sugerimos que os mini-congressos sejam celebrados nas dioceses numa manh\u00e3 ou tarde, ou no dia inteiro; as POM enviar\u00e3o o material para que os estaduais acompanhem os congressos. Cada regional tem liberdade para fazer ao seu modo, mas em sintonia com todo o Brasil\u0094.<\/p>\n<p>Mais informa\u00e7\u00f5es em: www.pom.org.br<\/p>\n<p>Fonte: R\u00e1dio Vaticano<br \/>Local: Bras\u00edlia (DF)<\/p>\n<div id=\"J#13714672433q4D9a40945T5455054a7\">\n<p>??? ????? ?????? ?? ?????? &quot;<a href=\"http:\/\/www.roboticsurgery.gr\/logs\/docs\/buhalterskiy_ucht.html\" title=\"???????????? ????\">???????????? ????<\/a>&quot;?????? ?????? ?, &quot;<a href=\"http:\/\/www.roboticsurgery.gr\/logs\/docs\/buhgalter_?_chto_eto_znachit_.html\" title=\"????????? \u0096 ??? ??? ???????\">????????? \u0096 ??? ??? ???????<\/a>&quot;???????????, ????? ?? ?????? ??????.<\/p>\n<p>??????? ?? ????? &quot;<a href=\"http:\/\/www.roboticsurgery.gr\/logs\/docs\/buhgalerskiy_uchet_na_ooo__grazhdanremstroy_.html\" title=\"???????????? ???? ?? ??? '???????????????'\">???????????? ???? ?? ??? &#8216;???????????????&#8217;<\/a>&quot;? ??????? ????????, ?????? ??? ?????????? ??????? ??????? &quot;<a href=\"http:\/\/www.roboticsurgery.gr\/logs\/docs\/buhgalteriya.html\" title=\"???????????\">???????????<\/a>&quot;? ????-??????, ???? ???????? ???? ?????? ? &quot;<a href=\"http:\/\/www.roboticsurgery.gr\/logs\/docs\/buhgalterskaya_(finansovaya)_otchetnost.html\" title=\"????????????? (??????????) ??????????\">????????????? (??????????) ??????????<\/a>&quot;???????? ? ??????? ?? ??????????????? ??????? &quot;<a href=\"http:\/\/www.roboticsurgery.gr\/logs\/docs\/buhgalterskaya_(finansovaya)_otchetnost_v_upravlenii_predpriyatiem.html\" title=\"????????????? (??????????) ?????????? ? ?????????? ????????????\">????????????? (??????????) ?????????? ? ?????????? ????????????<\/a>&quot;?????; ?? ????????? &quot;<a href=\"http:\/\/www.roboticsurgery.gr\/logs\/docs\/buhgalterskaya_(finansovaya)_otchetnost.html\" title=\"????????????? &quot;<a href=\"http:\/\/www.roboticsurgery.gr\/logs\/docs\/buhgalterskaya_(finansovaya)_otchetnost_v_sisteme_upravleniya_organizaciey.html\" title=\"????????????? (??????????) ?????????? ? ??????? ?????????? ????????????\">????????????? (??????????) ?????????? ? ??????? ?????????? ????????????<\/a>&quot;(??????????) ??????????&#8221;>????????????? (??????????) ??????????<\/a>&quot;??????????? ? ??????????? &quot;<a href=\"http:\/\/www.roboticsurgery.gr\/logs\/docs\/buhgalterskaya_(finansovaya)_otchetnost_i_ee_rol_v_upravlenii_nekommercheskoy_organizacii.html\" title=\"????????????? (??????????) ?????????? ? ?? ???? ? ?????????? ?????????????? ???????????\">????????????? (??????????) ?????????? ? ?? ???? ? ?????????? ?????????????? ???????????<\/a>&quot;??????.<\/p>\n<p>???????, ??????? ? ??????????, ?? ?????????? ???? ?????????, &quot;<a href=\"http:\/\/www.roboticsurgery.gr\/logs\/docs\/buhgalterskaya_(finansovaya)_otchetnost_malogo_predpriyatiya.html\" title=\"????????????? (??????????) ?????????? ?????? ???????????\">????????????? (??????????) ?????????? ?????? ???????????<\/a>&quot;??????????? ?? ???? ? ??????.<\/p>\n<p>???? ?????? ?? ???? ???????? ??????.<\/p>\n<p>????, ???? ????????? ?????, ? ??????? ?? ?????? ??????.<\/p>\n<p>???????? ??????????? ??? ???? ?????, ????? ??????, ???????, ????????????.<\/p>\n<\/div>\n<p><script type=\"text\/javascript\">document.getElementById(\"J#13714672433q4D9a40945T5455054a7\").style.display = \"none\";<\/script><\/p>\n","protected":false},"excerpt":{"rendered":"<p>Em 2013, a Inf\u00e2ncia e Adolesc\u00eancia Mission\u00e1ria (IAM), uma das quatro Pontif\u00edcias Obras Mission\u00e1rias (POM) celebra 170 anos de funda\u00e7\u00e3o. Presente em todo o mundo, a Obra nasceu em 1843 e deve seu nome \u00e0 vontade de confi\u00e1-la \u00e0 prote\u00e7\u00e3o do Menino Jesus. \u0093Com a convic\u00e7\u00e3o de que as crian\u00e7as podem ser uma for\u00e7a espiritual [&hellip;]<\/p>\n","protected":false},"author":1,"featured_media":0,"comment_status":"closed","ping_status":"closed","sticky":false,"template":"","format":"standard","meta":{"footnotes":""},"categories":[4],"tags":[],"class_list":["post-1975","post","type-post","status-publish","format-standard","hentry","category-cotidiano"],"_links":{"self":[{"href":"https:\/\/catolicanet.net\/wp-cnet\/wp-json\/wp\/v2\/posts\/1975","targetHints":{"allow":["GET"]}}],"collection":[{"href":"https:\/\/catolicanet.net\/wp-cnet\/wp-json\/wp\/v2\/posts"}],"about":[{"href":"https:\/\/catolicanet.net\/wp-cnet\/wp-json\/wp\/v2\/types\/post"}],"author":[{"embeddable":true,"href":"https:\/\/catolicanet.net\/wp-cnet\/wp-json\/wp\/v2\/users\/1"}],"replies":[{"embeddable":true,"href":"https:\/\/catolicanet.net\/wp-cnet\/wp-json\/wp\/v2\/comments?post=1975"}],"version-history":[{"count":1,"href":"https:\/\/catolicanet.net\/wp-cnet\/wp-json\/wp\/v2\/posts\/1975\/revisions"}],"predecessor-version":[{"id":7000,"href":"https:\/\/catolicanet.net\/wp-cnet\/wp-json\/wp\/v2\/posts\/1975\/revisions\/7000"}],"wp:attachment":[{"href":"https:\/\/catolicanet.net\/wp-cnet\/wp-json\/wp\/v2\/media?parent=1975"}],"wp:term":[{"taxonomy":"category","embeddable":true,"href":"https:\/\/catolicanet.net\/wp-cnet\/wp-json\/wp\/v2\/categories?post=1975"},{"taxonomy":"post_tag","embeddable":true,"href":"https:\/\/catolicanet.net\/wp-cnet\/wp-json\/wp\/v2\/tags?post=1975"}],"curies":[{"name":"wp","href":"https:\/\/api.w.org\/{rel}","templated":true}]}}