{"id":19745,"date":"2016-12-05T16:35:53","date_gmt":"2016-12-05T18:35:53","guid":{"rendered":"http:\/\/catolicanet.net\/wp-cnet\/2016\/12\/05\/bispo-impacta-redes-sociais-com-mensagem-a-mae-que-abandonou-bebe-no-lixo\/"},"modified":"2017-05-30T16:23:42","modified_gmt":"2017-05-30T19:23:42","slug":"bispo-impacta-redes-sociais-com-mensagem-a-mae-que-abandonou-bebe-no-lixo","status":"publish","type":"post","link":"https:\/\/catolicanet.net\/wp-cnet\/bispo-impacta-redes-sociais-com-mensagem-a-mae-que-abandonou-bebe-no-lixo\/","title":{"rendered":"Bispo impacta redes sociais com mensagem \u00e0 m\u00e3e que abandonou beb\u00ea no lixo"},"content":{"rendered":"<p style=\"text-align: justify;\"><img decoding=\"async\" src=\"http:\/\/www.catolicanet.com.br\/images\/stories\/bispos\/donostia.png\" border=\"0\" align=\"left\" \/>Ele \u00e9 reconhecido pela ferrenha defesa do direito \u00e0 vida<\/p>\n<p>Bispo impacta redes sociais com mensagem \u00e0 m\u00e3e que abandonou beb\u00ea no lixo<\/p>\n<p>Dom Jos\u00e9 Ignacio Munilla, bispo da diocese de San Sebasti\u00e1n, capital da prov\u00edncia espanhola de Guip\u00fascoa, se manifestou no Twitter sobre o caso da menina rec\u00e9m-nascida que foi abandonada numa lixeira da cidade no dia 22 de outubro.<\/p>\n<p>\u201cQuerida m\u00e3e, embora n\u00e3o devesse ser assim, obrigado por dar \u00e0 luz esta menina!\u201d, escreveu ele, completando com a hashtag \u201c#BienvenidaDonostiarra\u201d (\u201cBem-vinda, Donostiarra\u201c). \u201cDonostiarra\u201d \u00e9 o adjetivo em idioma basco usado em refer\u00eancia \u00e0s pessoas que nascem em San Sebasti\u00e1n, porque o nome da cidade nessa l\u00edngua \u00e9 Donostia.<\/p>\n<p>A respons\u00e1vel pelas pol\u00edticas sociais da prov\u00edncia de Guip\u00fascoa, Maite Pe\u00f1a, informou que a menina est\u00e1 \u201cem perfeito estado de sa\u00fade\u201d e passar\u00e1 a morar com uma fam\u00edlia de acolhimento de urg\u00eancia assim que receber alta hospitalar. Maite Pe\u00f1a considera \u201cimposs\u00edvel compreender os motivos que podem levar alguns pais a agirem dessa forma t\u00e3o cruel e desumana, ainda mais quando Guip\u00fascoa conta com um sistema de prote\u00e7\u00e3o \u00e0 crian\u00e7a que pode dar resposta imediata e de qualidade a situa\u00e7\u00f5es como a que pode ter levado a este caso\u201d.<\/p>\n<p>Dom Jos\u00e9 Ign\u00e1cio Munilla sempre foi um ferrenho defensor do direito \u00e0 vida:<\/p>\n<p> Em 18 de fevereiro deste ano, tamb\u00e9m pelo Twitter, ele postou palavras firmes do papa Francisco sobre o aborto: \u201cO aborto n\u00e3o \u00e9 um mal menor: \u00e9 um crime. \u00c9 descartar um para salvar o outro. \u00c9 o que a m\u00e1fia faz\u201d.<br \/> Em mar\u00e7o de 2014, o bispo tinha escrito uma carta pastoral enfatizando que \u201cn\u00e3o se pode aceitar que, todo ano, haja 4000 abortos no Pa\u00eds Basco. Que os preconceitos n\u00e3o nos impe\u00e7am de pensar, sentir e encarar o drama do aborto e promover um debate real, livre desses preconceitos (\u2026) A causa da vida \u00e9 pr\u00e9-pol\u00edtica e est\u00e1 acima de qualquer ideologia\u201c.<br \/> Em mar\u00e7o de 2013, ele tinha denunciado que o aborto \u00e9 um \u201cmassacre de inocentes\u201d e um \u201cholocausto silencioso\u201d. Como resposta a esse crime, o bispo renovou o chamamento a se dignificar a ado\u00e7\u00e3o, al\u00e9m de recordar \u00e0s mulheres que pensam em abortar que a C\u00e1ritas tem o compromisso de ajudar as m\u00e3es gestantes em situa\u00e7\u00e3o de pobreza para garantir a prote\u00e7\u00e3o da vida.<br \/> Dom Munilla exorta as pessoas a adotarem crian\u00e7as, recorrendo a frases c\u00e9lebres de Santa Teresa de Calcut\u00e1, como \u201cEm vez de mat\u00e1-lo, deem-no a mim\u201d e \u201cEnquanto houver aborto, n\u00e3o haver\u00e1 paz no mundo\u201d.<\/p>\n<p style=\"text-align: justify;\">\u00a0<\/p>\n<p style=\"text-align: justify;\">Fonte: Aleteia<\/p>\n","protected":false},"excerpt":{"rendered":"<p>Ele \u00e9 reconhecido pela ferrenha defesa do direito \u00e0 vida Bispo impacta redes sociais com mensagem \u00e0 m\u00e3e que abandonou beb\u00ea no lixo Dom Jos\u00e9 Ignacio Munilla, bispo da diocese de San Sebasti\u00e1n, capital da prov\u00edncia espanhola de Guip\u00fascoa, se manifestou no Twitter sobre o caso da menina rec\u00e9m-nascida que foi abandonada numa lixeira da [&hellip;]<\/p>\n","protected":false},"author":1,"featured_media":19744,"comment_status":"open","ping_status":"open","sticky":false,"template":"","format":"standard","meta":{"footnotes":""},"categories":[4],"tags":[],"class_list":["post-19745","post","type-post","status-publish","format-standard","has-post-thumbnail","hentry","category-cotidiano"],"_links":{"self":[{"href":"https:\/\/catolicanet.net\/wp-cnet\/wp-json\/wp\/v2\/posts\/19745","targetHints":{"allow":["GET"]}}],"collection":[{"href":"https:\/\/catolicanet.net\/wp-cnet\/wp-json\/wp\/v2\/posts"}],"about":[{"href":"https:\/\/catolicanet.net\/wp-cnet\/wp-json\/wp\/v2\/types\/post"}],"author":[{"embeddable":true,"href":"https:\/\/catolicanet.net\/wp-cnet\/wp-json\/wp\/v2\/users\/1"}],"replies":[{"embeddable":true,"href":"https:\/\/catolicanet.net\/wp-cnet\/wp-json\/wp\/v2\/comments?post=19745"}],"version-history":[{"count":1,"href":"https:\/\/catolicanet.net\/wp-cnet\/wp-json\/wp\/v2\/posts\/19745\/revisions"}],"predecessor-version":[{"id":24872,"href":"https:\/\/catolicanet.net\/wp-cnet\/wp-json\/wp\/v2\/posts\/19745\/revisions\/24872"}],"wp:featuredmedia":[{"embeddable":true,"href":"https:\/\/catolicanet.net\/wp-cnet\/wp-json\/wp\/v2\/media\/19744"}],"wp:attachment":[{"href":"https:\/\/catolicanet.net\/wp-cnet\/wp-json\/wp\/v2\/media?parent=19745"}],"wp:term":[{"taxonomy":"category","embeddable":true,"href":"https:\/\/catolicanet.net\/wp-cnet\/wp-json\/wp\/v2\/categories?post=19745"},{"taxonomy":"post_tag","embeddable":true,"href":"https:\/\/catolicanet.net\/wp-cnet\/wp-json\/wp\/v2\/tags?post=19745"}],"curies":[{"name":"wp","href":"https:\/\/api.w.org\/{rel}","templated":true}]}}