{"id":19735,"date":"2016-12-05T15:55:13","date_gmt":"2016-12-05T17:55:13","guid":{"rendered":"http:\/\/catolicanet.net\/wp-cnet\/2016\/12\/05\/bartolomeu-i-fortalecer-comunhao-distanciando-fundamentalismos\/"},"modified":"2017-06-02T09:52:39","modified_gmt":"2017-06-02T12:52:39","slug":"bartolomeu-i-fortalecer-comunhao-distanciando-fundamentalismos","status":"publish","type":"post","link":"https:\/\/catolicanet.net\/wp-cnet\/bartolomeu-i-fortalecer-comunhao-distanciando-fundamentalismos\/","title":{"rendered":"Bartolomeu I: fortalecer comunh\u00e3o distanciando fundamentalismos"},"content":{"rendered":"<p style=\"text-align: justify;\"><img decoding=\"async\" src=\"http:\/\/www.catolicanet.com.br\/images\/stories\/papas\/ansa703836_articolo.jpg\" border=\"0\" align=\"left\" \/>Bari (RV) &#8211; A cidade italiana de Bari acolheu, nesta segunda-feira (05\/12), o Patriarca Ecum\u00eanico de Constantinopla, Bartolomeu I, para a Festa de S\u00e3o Nicolau que se celebrar\u00e1 nesta ter\u00e7a-feira (06\/12). <\/p>\n<p>\u201cA sua presen\u00e7a faz parte de um longo processo de di\u00e1logo e estima rec\u00edproca entre os l\u00edderes das duas Igrejas\u201d, disse o Secret\u00e1rio do Pontif\u00edcio Conselho para a Promo\u00e7\u00e3o da Unidade dos Crist\u00e3os, Dom Brian Farrell, que deu as boas-vindas ao Patriarca em nome da Santa S\u00e9. <\/p>\n<p>Bartolomeu I inaugurou o ano acad\u00eamico da Faculdade Teol\u00f3gica Pugliese. Fez uma Lectio magistralis e depois recebeu o pr\u00eamio ecum\u00eanico \u201cS\u00e3o Nicolau\u201d que a Faculdade Teol\u00f3gica Pugliese atribui a eminentes personalidades cat\u00f3licas e ortodoxas \u201cpelo servi\u00e7o prestado na promo\u00e7\u00e3o da unidade dos crist\u00e3os\u201d.<\/p>\n<p>\u201cAcreditamos que o papel das religi\u00f5es seja fundamental para criar, iniciar e fortalecer um princ\u00edpio de comunh\u00e3o para a colabora\u00e7\u00e3o e compreens\u00e3o rec\u00edproca, distanciando os fundamentalismos que se encontram em todas as sociedades e religi\u00f5es. \u00c9 preciso recriar a estima rec\u00edproca entre os povos, superando desconfian\u00e7as, viol\u00eancia, massacres e genoc\u00eddios. \u00c9 preciso que a justi\u00e7a social e a justi\u00e7a entre as na\u00e7\u00f5es prevale\u00e7am sobre os interesses da economia mundial e da globaliza\u00e7\u00e3o desenfreada, para por fim \u00e0 migra\u00e7\u00f5es incontroladas\u201d, disse o Patriarca em seu discurso, esta manh\u00e3, na Bas\u00edlica de S\u00e3o Nicolau, em Bari.\u00a0 <\/p>\n<p>\u201cO Mediterr\u00e2neo, mar do encontro e da cultura, da conviv\u00eancia de religi\u00f5es e povos se encontrou improvisamente atravessado por uma onda de dispersos que fogem da guerra, do fundamentalismo religioso, que apareceu no cen\u00e1rio do Oriente M\u00e9dio por causa das pen\u00farias, criadas muitas vezes pela gan\u00e2ncia de poucos em detrimento de muitos, por tiranias que tornam a vida imposs\u00edvel e pela falta dos bens elementares de sobreviv\u00eancia&#8221;, frisou ainda Bartolomeu I.<\/p>\n<p>O Patriarca se perguntou: \u201cComo os crist\u00e3os de v\u00e1rias Igrejas podem alimentar os princ\u00edpios de di\u00e1logo, amor e paz num mundo abalado e diante de um mar que se tornou a tumba de muitos irm\u00e3os e irm\u00e3s que sonham uma vida melhor\u201d?<\/p>\n<p>\u201cNingu\u00e9m deixa espontaneamente sua casa a n\u00e3o ser se for por necessidade ou viol\u00eancia. \u00c9 necess\u00e1ria uma economia de comunh\u00e3o que saiba acolher, sem criar descontentamento social nos pa\u00edses anfitri\u00f5es\u201d, disse ainda Bartolomeu I.<\/p>\n<p>\u201cSe todos os sujeitos interessados aceitarem, com coragem, a justi\u00e7a, a liberdade e a verdade como pilares da paz e se as religi\u00f5es souberem criar pontes entre os indiv\u00edduos, povos e culturas, poderemos ser ainda sinal de esperan\u00e7a para a humanidade\u201d, concluiu o patriarca.<br \/>Para Dom Brian Farrell, este \u201cevento foi de grande significado ecum\u00eanico e teve um sentido muito particular porque se realizou na Puglia, regi\u00e3o intimamente ligada \u00e0 hist\u00f3ria da Igreja Oriental que\u00a0 pode ser ponte entre Oriente e Ocidente\u201d. <\/p>\n<p>\u201cO Patriarca encontrou aqui uma profunda sintonia cultural e espiritual\u201d, concluiu o prelado.<\/p>\n<p style=\"text-align: justify;\">\u00a0<\/p>\n<p style=\"text-align: justify;\">Fonte: R\u00e1dio Vaticano<\/p>\n","protected":false},"excerpt":{"rendered":"<p>Bari (RV) &#8211; A cidade italiana de Bari acolheu, nesta segunda-feira (05\/12), o Patriarca Ecum\u00eanico de Constantinopla, Bartolomeu I, para a Festa de S\u00e3o Nicolau que se celebrar\u00e1 nesta ter\u00e7a-feira (06\/12). \u201cA sua presen\u00e7a faz parte de um longo processo de di\u00e1logo e estima rec\u00edproca entre os l\u00edderes das duas Igrejas\u201d, disse o Secret\u00e1rio do [&hellip;]<\/p>\n","protected":false},"author":1,"featured_media":19734,"comment_status":"open","ping_status":"open","sticky":false,"template":"","format":"standard","meta":{"footnotes":""},"categories":[3],"tags":[],"class_list":["post-19735","post","type-post","status-publish","format-standard","has-post-thumbnail","hentry","category-vaticano"],"_links":{"self":[{"href":"https:\/\/catolicanet.net\/wp-cnet\/wp-json\/wp\/v2\/posts\/19735","targetHints":{"allow":["GET"]}}],"collection":[{"href":"https:\/\/catolicanet.net\/wp-cnet\/wp-json\/wp\/v2\/posts"}],"about":[{"href":"https:\/\/catolicanet.net\/wp-cnet\/wp-json\/wp\/v2\/types\/post"}],"author":[{"embeddable":true,"href":"https:\/\/catolicanet.net\/wp-cnet\/wp-json\/wp\/v2\/users\/1"}],"replies":[{"embeddable":true,"href":"https:\/\/catolicanet.net\/wp-cnet\/wp-json\/wp\/v2\/comments?post=19735"}],"version-history":[{"count":1,"href":"https:\/\/catolicanet.net\/wp-cnet\/wp-json\/wp\/v2\/posts\/19735\/revisions"}],"predecessor-version":[{"id":27263,"href":"https:\/\/catolicanet.net\/wp-cnet\/wp-json\/wp\/v2\/posts\/19735\/revisions\/27263"}],"wp:featuredmedia":[{"embeddable":true,"href":"https:\/\/catolicanet.net\/wp-cnet\/wp-json\/wp\/v2\/media\/19734"}],"wp:attachment":[{"href":"https:\/\/catolicanet.net\/wp-cnet\/wp-json\/wp\/v2\/media?parent=19735"}],"wp:term":[{"taxonomy":"category","embeddable":true,"href":"https:\/\/catolicanet.net\/wp-cnet\/wp-json\/wp\/v2\/categories?post=19735"},{"taxonomy":"post_tag","embeddable":true,"href":"https:\/\/catolicanet.net\/wp-cnet\/wp-json\/wp\/v2\/tags?post=19735"}],"curies":[{"name":"wp","href":"https:\/\/api.w.org\/{rel}","templated":true}]}}