{"id":19714,"date":"2016-12-02T18:25:31","date_gmt":"2016-12-02T20:25:31","guid":{"rendered":"http:\/\/catolicanet.net\/wp-cnet\/2016\/12\/02\/o-natal-e-seus-simbolos-ii\/"},"modified":"2017-05-05T14:10:14","modified_gmt":"2017-05-05T17:10:14","slug":"o-natal-e-seus-simbolos-ii","status":"publish","type":"post","link":"https:\/\/catolicanet.net\/wp-cnet\/o-natal-e-seus-simbolos-ii\/","title":{"rendered":"O Natal e seus s\u00edmbolos II"},"content":{"rendered":"<p style=\"text-align: justify;\"><img decoding=\"async\" src=\"http:\/\/www.catolicanet.com.br\/images\/stories\/bispos\/dom rodolfo 3.jpg\" border=\"0\" align=\"left\" \/>O presente texto \u00e9 uma continua\u00e7\u00e3o do anterior que reflete sobre o Natal e os seus s\u00edmbolos. Os s\u00edmbolos natalinos nascem para destacar a grandeza hist\u00f3rica do Natal e o seu significado para os seguidores de Jesus Cristo. Pelo fato de serem s\u00edmbolos, s\u00e3o conhecidos e n\u00e3o necessitariam de explica\u00e7\u00e3o. Recordar aquilo que parece \u00f3bvio n\u00e3o faz mal, pelo contr\u00e1rio: ajuda evitar distor\u00e7\u00f5es. A maioria dos s\u00edmbolos do Natal tem a sua origem nos pa\u00edses n\u00f3rdicos. Nesta \u00e9poca do ano est\u00e3o vivendo o inverno. Isto gera algumas dificuldades e, por isso, sofrem alguns ajustes e adapta\u00e7\u00f5es em outros ambientes culturais e clim\u00e1ticos.<br \/>A Coroa do Advento tem como elementos principais o verde e a luz. Trata-se de uma coroa, em geral feita de ramos verdes, enfeitada com quatro velas, envolta em uma fita vermelha. As velas s\u00e3o progressivamente acesas nos quatro domingos do tempo lit\u00fargico do Advento. Em muitos ambientes \u00e9 colocada nas portas e, com isto, n\u00e3o \u00e9 poss\u00edvel colocar as velas. Universalmente a coroa simboliza o triunfo e a recompensa pela vit\u00f3ria conquistada. Vale lembrar os jogos Ol\u00edmpicos de Atenas 2004 onde os vencedores, al\u00e9m de receberem a tradicional medalha, tamb\u00e9m eram coroados com uma coroa de ramos de oliveira. <br \/>Assim tamb\u00e9m o mist\u00e9rio que a Coroa do Advento pretende revelar \u00e9 muito rico. O c\u00edrculo quer simbolizar o tempo, desde a cria\u00e7\u00e3o do mundo at\u00e9 o fim dos tempos. As velas, isto \u00e9, a luz do mundo vai iluminando sucessivamente esse tempo da hist\u00f3ria. O tempo da cria\u00e7\u00e3o, a 1\u00aa vela; a a\u00e7\u00e3o libertadora de Deus na hist\u00f3ria do povo de Deus no Antigo Testamento, na 2\u00aa vela; o aparecimento do pr\u00f3prio Deus na hist\u00f3ria em Jesus Cristo, na 3\u00aa vela; e Jesus Cristo presente no hoje da hist\u00f3ria da Igreja e da humanidade at\u00e9 o fim dos tempos, na 4\u00aa vela.<br \/>A coroa do Advento tamb\u00e9m simboliza as alian\u00e7as de Deus com a humanidade e da humanidade com Deus. Nas escrituras s\u00e3o apresentadas v\u00e1rias alian\u00e7as: com No\u00e9, com Abra\u00e3o, com Mois\u00e9s no Sinai e por fim atrav\u00e9s Jesus Cristo \u00e9 feita a nova e eterna alian\u00e7a e que hoje se renova. Recordando essas alian\u00e7as do passado, a comunidade vai preparando sua alian\u00e7a a ser renovada no santo Natal. A fita vermelha que vai envolvendo a coroa lembra estas alian\u00e7as. As alian\u00e7as se realizam pelo sangue, express\u00e3o de amor at\u00e9 a morte, como foi a alian\u00e7a definitiva em Cristo Jesus.<br \/>A \u00c1rvore de Natal, geralmente da fam\u00edlia das cuneiformes, \u00e9 uma das poucas \u00e1rvores que conservam o verde nos invernos mais rigorosos. A neve cai, e pelo seu formato, ficam apenas flocos em suas folhas. Tem, pois, uma for\u00e7a muito grande para representar a vida que vence a morte, representada pelas \u00e1rvores que perdem suas folhas e toda a natureza que parece morrer no inverno. <br \/>Esta \u00e1rvore que \u00e9 enfeitada de luzes, de v\u00e1rios enfeites e presentes que representam os frutos e at\u00e9 de neve. \u00c9 a \u00e1rvore da vida e da felicidade. Torna-se f\u00e1cil descobrir nela a \u00e1rvore da vida do para\u00edso. Representa tamb\u00e9m a \u00e1rvore que carregou a Jesus no calv\u00e1rio, isto \u00e9, carregou a vida e a luz do mundo. N\u00e3o podemos separar o Natal e a P\u00e1scoa por serem complementares. <br \/>O verde, da coroa e da \u00e1rvore, que n\u00e3o de desfaz, representa a vida de Deus na hist\u00f3ria da humanidade. \u00c9 a esperan\u00e7a que n\u00e3o pode faltar. A esperan\u00e7a salva por provocar o movimento e a busca de sa\u00eddas para uma situa\u00e7\u00e3o melhor.<\/p>\n<p style=\"text-align: justify;\">\u00a0<\/p>\n","protected":false},"excerpt":{"rendered":"<p>O presente texto \u00e9 uma continua\u00e7\u00e3o do anterior que reflete sobre o Natal e os seus s\u00edmbolos. Os s\u00edmbolos natalinos nascem para destacar a grandeza hist\u00f3rica do Natal e o seu significado para os seguidores de Jesus Cristo. Pelo fato de serem s\u00edmbolos, s\u00e3o conhecidos e n\u00e3o necessitariam de explica\u00e7\u00e3o. Recordar aquilo que parece \u00f3bvio [&hellip;]<\/p>\n","protected":false},"author":18,"featured_media":18023,"comment_status":"open","ping_status":"open","sticky":false,"template":"","format":"standard","meta":{"footnotes":""},"categories":[9],"tags":[],"class_list":["post-19714","post","type-post","status-publish","format-standard","has-post-thumbnail","hentry","category-artigos"],"_links":{"self":[{"href":"https:\/\/catolicanet.net\/wp-cnet\/wp-json\/wp\/v2\/posts\/19714","targetHints":{"allow":["GET"]}}],"collection":[{"href":"https:\/\/catolicanet.net\/wp-cnet\/wp-json\/wp\/v2\/posts"}],"about":[{"href":"https:\/\/catolicanet.net\/wp-cnet\/wp-json\/wp\/v2\/types\/post"}],"author":[{"embeddable":true,"href":"https:\/\/catolicanet.net\/wp-cnet\/wp-json\/wp\/v2\/users\/18"}],"replies":[{"embeddable":true,"href":"https:\/\/catolicanet.net\/wp-cnet\/wp-json\/wp\/v2\/comments?post=19714"}],"version-history":[{"count":1,"href":"https:\/\/catolicanet.net\/wp-cnet\/wp-json\/wp\/v2\/posts\/19714\/revisions"}],"predecessor-version":[{"id":21178,"href":"https:\/\/catolicanet.net\/wp-cnet\/wp-json\/wp\/v2\/posts\/19714\/revisions\/21178"}],"wp:featuredmedia":[{"embeddable":true,"href":"https:\/\/catolicanet.net\/wp-cnet\/wp-json\/wp\/v2\/media\/18023"}],"wp:attachment":[{"href":"https:\/\/catolicanet.net\/wp-cnet\/wp-json\/wp\/v2\/media?parent=19714"}],"wp:term":[{"taxonomy":"category","embeddable":true,"href":"https:\/\/catolicanet.net\/wp-cnet\/wp-json\/wp\/v2\/categories?post=19714"},{"taxonomy":"post_tag","embeddable":true,"href":"https:\/\/catolicanet.net\/wp-cnet\/wp-json\/wp\/v2\/tags?post=19714"}],"curies":[{"name":"wp","href":"https:\/\/api.w.org\/{rel}","templated":true}]}}