{"id":19713,"date":"2016-12-02T17:32:40","date_gmt":"2016-12-02T19:32:40","guid":{"rendered":"http:\/\/catolicanet.net\/wp-cnet\/2016\/12\/02\/padre-joao-schiavo-que-viveu-no-brasil-sera-beatificado\/"},"modified":"2017-05-30T16:23:43","modified_gmt":"2017-05-30T19:23:43","slug":"padre-joao-schiavo-que-viveu-no-brasil-sera-beatificado","status":"publish","type":"post","link":"https:\/\/catolicanet.net\/wp-cnet\/padre-joao-schiavo-que-viveu-no-brasil-sera-beatificado\/","title":{"rendered":"Padre Jo\u00e3o Schiavo, que viveu no Brasil, ser\u00e1 beatificado"},"content":{"rendered":"<p style=\"text-align: justify;\"><img decoding=\"async\" src=\"http:\/\/www.catolicanet.com.br\/images\/stories\/noticias\/xpadre_joao.jpg\" border=\"0\" align=\"left\" \/>Caxias do Sul, 02 Dez. 16 \/ 01:50 pm (ACI).- Entre os decretos autorizados pelo Papa Francisco nesta quinta-feira, est\u00e1 o do milagre atribu\u00eddo a um sacerdote que viveu durante 35 anos no Brasil, o Servo de Deus Jo\u00e3o Schiavo. Com isso, poder\u00e1 proceder a beatifica\u00e7\u00e3o do presb\u00edtero, que dever\u00e1 acontecer em 2017.<\/p>\n<p>O milagre aprovado pelo Vaticano foi a cura de Juvelino Carra, morador de Caxias do Sul (RS), que sofria de um grave problema intestinal, mas se recuperou completamente com a intercess\u00e3o de Pe. Schiavo.<\/p>\n<p>Tudo ocorreu em 1997. Em outubro, Juvelino Corra tinha uma forte dor intestinal e foi encaminhado para uma cirurgia de emerg\u00eancia. Dr. Ademir Cadore, o m\u00e9dico cirurgi\u00e3o, diagnosticou que se tratava de uma trombose mesent\u00e9rica venosa superior aguda que envia todo o intestino delgado.<\/p>\n<p>Ap\u00f3s a avalia\u00e7\u00e3o, decidiu que seria melhor desisti da cirurgia. Assim, fechou o abd\u00f4men de Juvelino e o encaminhou para a Unidade de Terapia Intensiva (UTI) a fim de ser acompanhado at\u00e9 a morte iminente.<\/p>\n<p>Diante dessa not\u00edcia, a esposa de Juvelino se apegou fortemente a um santinho de Padre Jo\u00e3o Schiavo e pediu: \u201cPe. Jo\u00e3o, tu deves sarar meu marido, tu deves ajud\u00e1-lo, tu deves reconduzi-lo para casa\u2026\u201d.<\/p>\n<p>As ora\u00e7\u00f5es logo alcan\u00e7aram a cura do marido, que, para surpresa dos m\u00e9dicos e familiares, passou a apresentar sinais de melhora. Em sete dias, ele teve alta hospitalar, sem apresentar problemas ou sequelas.<\/p>\n<p>Passados 12 anos deste fato, por ocasi\u00e3o do processo sobre o presum\u00edvel milagre, as avalia\u00e7\u00f5es da equipe m\u00e9dica do Vaticano confirmaram o estado de sa\u00fade normal de Juvelino.<\/p>\n<p>Sacerdote mission\u00e1rio no Sul do Brasil<\/p>\n<p>Padre Jo\u00e3o Schiavo nasceu em Sant&#8217;Urbano de Montecchio Maggiore, It\u00e1lia, no dia 8 de julho de 1903. Desde pequeno expressava o desejo de ser sacerdote. Deu o primeiro passo para realiza\u00e7\u00e3o deste sonho ao ingressar na Congrega\u00e7\u00e3o dos Josefinos de Murialdo, onde fez sua primeira profiss\u00e3o religiosa em 1919.<\/p>\n<p>Foi ordenado sacerdote em 10 de julho de 1927, aos 24 anos. Quatro anos mais tarde, realizou outro sonho, o de ser mission\u00e1rio. Obediente aos superiores, partiu para o Brasil, tendo chegado a Jaguar\u00e3o (RS), em 5 de setembro de 1931.<\/p>\n<p>Em terras brasileiras, desempenhou um grande trabalho vocacional e foi o primeiro mestre de novi\u00e7os da miss\u00e3o Josefina no pa\u00eds. Sua miss\u00e3o foi desenvolvida sobretudo na regi\u00e3o de Caxias do Sul.<\/p>\n<p>Al\u00e9m disso, fundou v\u00e1rias obras em prol de crian\u00e7as e jovens pobres, como o Abrigo de Menores S\u00e3o Jos\u00e9, em Caxias do Sul; a Obra Social Educacional, em Porto Alegre (Partenon e no Morro da Cruz, respectivamente); o Abrigo de Menores em Pelotas e Rio Grande (RS); o Col\u00e9gio Nossa Senhora M\u00e3e dos Homens, em Ararangu\u00e1 (SC).<\/p>\n<p>Entre 1947 e 1956, foi o primeiro Superior Provincial dos Josefinos no Brasil. E, em 9 de maio de 1954, iniciou, em Fazenda Souza \u2013 Caxias do Sul \u2013, o primeiro grupo das Irm\u00e3s Murialdinas de S\u00e3o Jos\u00e9 no Brasil. Foi tamb\u00e9m na Fazenda Souza onde fundou a Escola Santa Maria Goretti das Irm\u00e3s Murialdinas.<\/p>\n<p>Atualmente, na Fazenda Souza \u00e9 mantido um memorial que homenageia o Pe. Schiavo, onde est\u00e3o depositados os seus restos mortais.<\/p>\n<p>Ela faleceu no dia 27 de janeiro de 1967, ap\u00f3s ter adoecido gravemente no final de novembro de 1966. Logo adquiriu fama de santidade.<\/p>\n<p>A data de beatifica\u00e7\u00e3o de Padre Jo\u00e3o Schiavo ainda n\u00e3o foi definida, mas, segundo a Diocese de Caxias do Sul, dever\u00e1 acontecer em 2017, nesta cidade ga\u00facha.<\/p>\n","protected":false},"excerpt":{"rendered":"<p>Caxias do Sul, 02 Dez. 16 \/ 01:50 pm (ACI).- Entre os decretos autorizados pelo Papa Francisco nesta quinta-feira, est\u00e1 o do milagre atribu\u00eddo a um sacerdote que viveu durante 35 anos no Brasil, o Servo de Deus Jo\u00e3o Schiavo. Com isso, poder\u00e1 proceder a beatifica\u00e7\u00e3o do presb\u00edtero, que dever\u00e1 acontecer em 2017. O milagre [&hellip;]<\/p>\n","protected":false},"author":1,"featured_media":19712,"comment_status":"open","ping_status":"open","sticky":false,"template":"","format":"standard","meta":{"footnotes":""},"categories":[4],"tags":[],"class_list":["post-19713","post","type-post","status-publish","format-standard","has-post-thumbnail","hentry","category-cotidiano"],"_links":{"self":[{"href":"https:\/\/catolicanet.net\/wp-cnet\/wp-json\/wp\/v2\/posts\/19713","targetHints":{"allow":["GET"]}}],"collection":[{"href":"https:\/\/catolicanet.net\/wp-cnet\/wp-json\/wp\/v2\/posts"}],"about":[{"href":"https:\/\/catolicanet.net\/wp-cnet\/wp-json\/wp\/v2\/types\/post"}],"author":[{"embeddable":true,"href":"https:\/\/catolicanet.net\/wp-cnet\/wp-json\/wp\/v2\/users\/1"}],"replies":[{"embeddable":true,"href":"https:\/\/catolicanet.net\/wp-cnet\/wp-json\/wp\/v2\/comments?post=19713"}],"version-history":[{"count":1,"href":"https:\/\/catolicanet.net\/wp-cnet\/wp-json\/wp\/v2\/posts\/19713\/revisions"}],"predecessor-version":[{"id":24879,"href":"https:\/\/catolicanet.net\/wp-cnet\/wp-json\/wp\/v2\/posts\/19713\/revisions\/24879"}],"wp:featuredmedia":[{"embeddable":true,"href":"https:\/\/catolicanet.net\/wp-cnet\/wp-json\/wp\/v2\/media\/19712"}],"wp:attachment":[{"href":"https:\/\/catolicanet.net\/wp-cnet\/wp-json\/wp\/v2\/media?parent=19713"}],"wp:term":[{"taxonomy":"category","embeddable":true,"href":"https:\/\/catolicanet.net\/wp-cnet\/wp-json\/wp\/v2\/categories?post=19713"},{"taxonomy":"post_tag","embeddable":true,"href":"https:\/\/catolicanet.net\/wp-cnet\/wp-json\/wp\/v2\/tags?post=19713"}],"curies":[{"name":"wp","href":"https:\/\/api.w.org\/{rel}","templated":true}]}}