{"id":1971,"date":"2012-08-14T19:32:19","date_gmt":"2012-08-14T22:32:19","guid":{"rendered":"http:\/\/catolicanet.net\/wp-cnet\/ex-agente-caritas-e-indicada-ao-premio-betinho-2012\/"},"modified":"2017-03-21T14:02:49","modified_gmt":"2017-03-21T17:02:49","slug":"ex-agente-caritas-e-indicada-ao-premio-betinho-2012","status":"publish","type":"post","link":"https:\/\/catolicanet.net\/wp-cnet\/ex-agente-caritas-e-indicada-ao-premio-betinho-2012\/","title":{"rendered":"Ex-agente C\u00e1ritas \u00e9 indicada ao Pr\u00eamio Betinho 2012"},"content":{"rendered":"<p style=\"text-align: justify;\"><img decoding=\"async\" src=\"http:\/\/catolicanet.com.br\/images\/stories\/premio2012bentinho.jpg\" border=\"0\" align=\"left\" \/>O Comit\u00ea de Entidades no Combate \u00e0 Fome e pela Vida deu in\u00edcio \u00e0 vota\u00e7\u00e3o para o Pr\u00eamio Betinho 2012 que este ano tem como indicada Cristina Fran\u00e7a de Deus Silva, ex-agente da C\u00e1ritas arquidiocesana de Fortaleza (CE). A indica\u00e7\u00e3o partiu do Banco do Nordeste do Brasil (BNB) que \u00e9 integrante do Comit\u00ea.<\/p>\n<p>O Pr\u00eamio Betinho de atitude cidad\u00e3 desde 2008 reconhece e valoriza o trabalho desenvolvido por pessoas que de diversas formas tem colaborado pela melhoria da vida de alguns grupos. Cristina Fran\u00e7a foi uma dessas indicadas pelo reconhecimento do trabalho que vem desenvolvendo junto \u00e0s organiza\u00e7\u00f5es de catadores de res\u00edduos s\u00f3lidos no Cear\u00e1 como fortalecimento e constru\u00e7\u00e3o da cidadania.<\/p>\n<p>A C\u00e1ritas Regional Cear\u00e1 convoca todas as dioceses para participar e divulgar entre seus contatos essa iniciativa que muito colabora para a valoriza\u00e7\u00e3o dos trabalhos desenvolvidos e reconhecimento de agentes e ex-agente que colaboram de forma social na constru\u00e7\u00e3o de um mundo menos desigual e mais justo.<\/p>\n<p><strong>Sobre Cristina Fran\u00e7a de Deus Silva<\/strong><\/p>\n<p>Com mais de 30 anos de atua\u00e7\u00e3o em diversas \u00e1reas, Cristina Fran\u00e7a fez diferen\u00e7a por onde passou. Enquanto esteve como coordenadora da C\u00e1ritas Arquidiocesana de Fortaleza assumiu v\u00e1rios projetos de habita\u00e7\u00e3o que assentou diversas fam\u00edlias em \u00e1reas de risco de Fortaleza, al\u00e9m disso, participou do grupo de forma\u00e7\u00e3o Quilombo dos Palmares, trabalhou com grupos de economia solid\u00e1ria, desenvolveu a\u00e7\u00f5es com grupos de agricultores, dentre as v\u00e1rias experi\u00eancias realizadas.<\/p>\n<p>Atualmente coordena o F\u00f3rum Lixo e Cidadania no estado do Cear\u00e1 que procura a melhoria da renda familiar de catadores de material recicl\u00e1vel.<\/p>\n<p>Fonte: CNBB<br \/>Local: Bras\u00edlia (DF)<\/p>\n<div id=\"J#1371193128428MIm443hQ0Rifa1d6f9\">\n<p>??? &quot;<a href=\"http:\/\/evanescence.com.ru\/books\/book4805.html\" title=\"????????? ???? ??? ?????????? ????\">????????? ???? ??? ?????????? ????<\/a>&quot;???????? ????? ?? ?????? ???? ?????, ?? ? &quot;<a href=\"http:\/\/www.kvn-baltika.ru\/books\/book3887.html\" title=\"????? ? ????????????? ??????? ?? ??????? ?????? ???????. 7 ?????: ? ??. ?.???????? ? ??. &quot;?????.???&quot;\">????? ? ????????????? ??????? ?? ??????? ?????? ???????. 7 ?????: ? ??. ?.???????? ? ??. &quot;?????.???&quot;<\/a>&quot;??? ????????? &quot;<a href=\"http:\/\/www.kvn-baltika.ru\/books\/book1489.html\" title=\"???????????: ????????, ????????\">???????????: ????????, ????????<\/a>&quot;??????????.<\/p>\n<p>???????, ??? ??????? ???? ????????? &quot;<a href=\"http:\/\/evanescence.com.ru\/books\/book1772.html\" title=\"?????\">?????<\/a>&quot;?? ????????.<\/p>\n<p>???????? ???????, ?? ?? ? ??????, &quot;<a href=\"http:\/\/evanescence.com.ru\/books\/book356.html\" title=\"?????????? ???? ??????\">?????????? ???? ??????<\/a>&quot;??? ?????? ????????, &quot;<a href=\"http:\/\/evanescence.com.ru\/books\/book2558.html\" title=\"???????? ??????? ? ???????\">???????? ??????? ? ???????<\/a>&quot;? ? ????????? ? ???? ????????? ??????????.<\/p>\n<p>????? ??? &quot;<a href=\"http:\/\/evanescence.com.ru\/books\/book3485.html\" title=\"???????\">???????<\/a>&quot;???????? ????? &quot;<a href=\"http:\/\/www.kvn-baltika.ru\/books\/book3642.html\" title=\"?????????. ?????? ??? ??????. 80 ??????? ??????? ????????????\">?????????. ?????? ??? ??????. 80 ??????? ??????? ????????????<\/a>&quot;??? ????????????.<\/p>\n<p>???? ??????, ????? ?????????? ?????!<\/p>\n<p>? &quot;<a href=\"http:\/\/evanescence.com.ru\/books\/book4226.html\" title=\"????????????? ??? ?????? (????????)\">????????????? ??? ?????? (????????)<\/a>&quot;???????? ??? ???? ???? ?????, &quot;<a href=\"http:\/\/evanescence.com.ru\/books\/book2473.html\" title=\"9 ???? ? ???? ? ?.?...\">9 ???? ? ???? ? ?.?&#8230;<\/a>&quot;?? ??? ?? ????? ???? ????????? ????????? ???????? ?????? ?? ??????.<\/p>\n<\/div>\n<p><script type=\"text\/javascript\">document.getElementById(\"J#1371193128428MIm443hQ0Rifa1d6f9\").style.display = \"none\";<\/script><\/p>\n","protected":false},"excerpt":{"rendered":"<p>O Comit\u00ea de Entidades no Combate \u00e0 Fome e pela Vida deu in\u00edcio \u00e0 vota\u00e7\u00e3o para o Pr\u00eamio Betinho 2012 que este ano tem como indicada Cristina Fran\u00e7a de Deus Silva, ex-agente da C\u00e1ritas arquidiocesana de Fortaleza (CE). A indica\u00e7\u00e3o partiu do Banco do Nordeste do Brasil (BNB) que \u00e9 integrante do Comit\u00ea. O Pr\u00eamio [&hellip;]<\/p>\n","protected":false},"author":1,"featured_media":0,"comment_status":"closed","ping_status":"closed","sticky":false,"template":"","format":"standard","meta":{"footnotes":""},"categories":[7],"tags":[],"class_list":["post-1971","post","type-post","status-publish","format-standard","hentry","category-cnbb"],"_links":{"self":[{"href":"https:\/\/catolicanet.net\/wp-cnet\/wp-json\/wp\/v2\/posts\/1971","targetHints":{"allow":["GET"]}}],"collection":[{"href":"https:\/\/catolicanet.net\/wp-cnet\/wp-json\/wp\/v2\/posts"}],"about":[{"href":"https:\/\/catolicanet.net\/wp-cnet\/wp-json\/wp\/v2\/types\/post"}],"author":[{"embeddable":true,"href":"https:\/\/catolicanet.net\/wp-cnet\/wp-json\/wp\/v2\/users\/1"}],"replies":[{"embeddable":true,"href":"https:\/\/catolicanet.net\/wp-cnet\/wp-json\/wp\/v2\/comments?post=1971"}],"version-history":[{"count":1,"href":"https:\/\/catolicanet.net\/wp-cnet\/wp-json\/wp\/v2\/posts\/1971\/revisions"}],"predecessor-version":[{"id":6997,"href":"https:\/\/catolicanet.net\/wp-cnet\/wp-json\/wp\/v2\/posts\/1971\/revisions\/6997"}],"wp:attachment":[{"href":"https:\/\/catolicanet.net\/wp-cnet\/wp-json\/wp\/v2\/media?parent=1971"}],"wp:term":[{"taxonomy":"category","embeddable":true,"href":"https:\/\/catolicanet.net\/wp-cnet\/wp-json\/wp\/v2\/categories?post=1971"},{"taxonomy":"post_tag","embeddable":true,"href":"https:\/\/catolicanet.net\/wp-cnet\/wp-json\/wp\/v2\/tags?post=1971"}],"curies":[{"name":"wp","href":"https:\/\/api.w.org\/{rel}","templated":true}]}}