{"id":19706,"date":"2016-12-02T11:40:00","date_gmt":"2016-12-02T13:40:00","guid":{"rendered":"http:\/\/catolicanet.net\/wp-cnet\/2016\/12\/02\/papa-reconhece-martirio-de-espanhois-durante-guerra-civil\/"},"modified":"2017-06-02T13:08:11","modified_gmt":"2017-06-02T16:08:11","slug":"papa-reconhece-martirio-de-espanhois-durante-guerra-civil","status":"publish","type":"post","link":"https:\/\/catolicanet.net\/wp-cnet\/papa-reconhece-martirio-de-espanhois-durante-guerra-civil\/","title":{"rendered":"Papa reconhece mart\u00edrio de espanh\u00f3is durante guerra civil"},"content":{"rendered":"<p style=\"text-align: justify;\"><img decoding=\"async\" src=\"http:\/\/www.catolicanet.com.br\/images\/stories\/noticias\/reuters1851301_articolo.jpg\" border=\"0\" align=\"left\" \/>Cidade do Vaticano (RV) \u2013 O Papa recebeu em audi\u00eancia na tarde de quinta-feira (1\u00ba\/12) o Prefeito da Congrega\u00e7\u00e3o das Causas dos Santos, Card. Angelo Amato.<\/p>\n<p>No decorrer da audi\u00eancia, Francisco autorizou a Congrega\u00e7\u00e3o a promulgar os decretos concernentes:<\/p>\n<p>&#8211; ao milagre atribu\u00eddo \u00e0 intercess\u00e3o do vener\u00e1vel Servo de Deus Jo\u00e3o Schiavo, Sacerdote professo da Congrega\u00e7\u00e3o de S\u00e3o Jos\u00e9; nascido em 8 de julho de 1903 e morto em 27 de janeiro de 1967;<\/p>\n<p>&#8211; ao mart\u00edrio dos Servos de Deus Vicente Queralt Lloret, Sacerdote professo da Congrega\u00e7\u00e3o da Miss\u00e3o, e 20 companheiros, entre os quais seis sacerdotres professos da mesma Congrega\u00e7\u00e3o, cinco sacerdotes diocesanos, duas religiosas Filhas da Caridade e sete leigos da Associa\u00e7\u00e3o Filhos de Maria da Medalha Milagrosa, assassinados por \u00f3dio \u00e0 f\u00e9 durante a guerra civil espanhola entre 1936 e 1937;<\/p>\n<p>&#8211; ao mart\u00edrio do Servo de Deus Te\u00f3filo Matulionis, Arcebispo-Bispo de Kai\u0161iadorys (Litu\u00e2nia); nascido em 22 de junho de 1873 e assassinado por \u00f3dio \u00e0 f\u00e9 em 20 de agosto de 1962;<\/p>\n<p>&#8211; ao mart\u00edrio do Servo de Deus Stanley Francesco Rother, Sacerdote diocesano; nascido em 27 de mar\u00e7o de 1935 e assassinado por \u00f3dio \u00e0 f\u00e9 em 28 de julho de 1981;<\/p>\n<p>&#8211; \u00e0s virtudes heroicas do Servo de Deus Guilherme Massaja, da Ordem dos Frades Menores Capuchinos, Cardeal da Igreja; nascido em 8 de junho de 1809 e morto em 6 de agosto de 1889;<\/p>\n<p>&#8211; \u00e0s virtudes heroicas do Servo de Deus Nunzio Russo, Sacerdote diocesano, Fundador da Congrega\u00e7\u00e3o das Filhas da Cruz; nascido em 30 de outubro de 1841 e morto em 22 de novembro de 1906;<\/p>\n<p>&#8211; \u00e0s virtudes heroicas do Servo di Dio Jos\u00e9 Bau Burguet, Sacerdote diocesano, p\u00e1roco em Masarrochos (Spagna); nato il 20 aprile 1867 e morto il 22 novembre 1932;<\/p>\n<p>&#8211; \u00e0s virtudes heroicas do Servo de Deus Mario Ciceri, Sacerdote diocesano; nascido em 8 de setembro de 1900 e morto em 4 de abril de 1945;<\/p>\n<p>&#8211; \u00e0s virtudes heroicas da Serva de Deus Maria Giuseppa Aubert (no civil: Susana), Fundadora do Instituto das Filhas de Nossa Senhora da Compaix\u00e3o; nascida em 19 de junho de 1835 e morta em 1\u00b0 de outubro de 1926;<\/p>\n<p>&#8211; \u00e0s virtudes heroicas da Serva de Deus Luce Rodr\u00edguez-Casanova y Garc\u00eda San Miguel, Fundadora da Congrega\u00e7\u00e3o das Mulheres Apost\u00f3licas do Sagrado Cora\u00e7\u00e3o; nascida em 28 de agosto de 1873 e morta em 8 de janeiro de 1949;<\/p>\n<p>&#8211; \u00e0s virtudes heroicas da Serva de Deus Caterina Aurelia do Precios\u00edssimo Sangue (no civil: Aurelia Caouette), Fundadora da Congrega\u00e7\u00e3o das Irm\u00e3s Adoradoras do Precios\u00edssimo Sangue de Nossa Senhor Jesus Cristo da Uni\u00e3o de Saint-Hyacinthe; nascida em 11 de julho de 1833 e morta em 6 de julho de 1905;<\/p>\n<p>&#8211; \u00e0s virtudes heroicas da Serva de Deus Leonia Maria Nasta\u0142, Freira professa da Congrega\u00e7\u00e3o das Pequenas Servas da Maria Imaculada; nascida em 8 de novembro de 1903 e morta em 10 de janeiro de 1940.<\/p>\n<p style=\"text-align: justify;\">\u00a0<\/p>\n<p style=\"text-align: justify;\">Fonte: R\u00e1dio Vaticano<\/p>\n","protected":false},"excerpt":{"rendered":"<p>Cidade do Vaticano (RV) \u2013 O Papa recebeu em audi\u00eancia na tarde de quinta-feira (1\u00ba\/12) o Prefeito da Congrega\u00e7\u00e3o das Causas dos Santos, Card. Angelo Amato. No decorrer da audi\u00eancia, Francisco autorizou a Congrega\u00e7\u00e3o a promulgar os decretos concernentes: &#8211; ao milagre atribu\u00eddo \u00e0 intercess\u00e3o do vener\u00e1vel Servo de Deus Jo\u00e3o Schiavo, Sacerdote professo da [&hellip;]<\/p>\n","protected":false},"author":1,"featured_media":19705,"comment_status":"open","ping_status":"open","sticky":false,"template":"","format":"standard","meta":{"footnotes":""},"categories":[3],"tags":[],"class_list":["post-19706","post","type-post","status-publish","format-standard","has-post-thumbnail","hentry","category-vaticano"],"_links":{"self":[{"href":"https:\/\/catolicanet.net\/wp-cnet\/wp-json\/wp\/v2\/posts\/19706","targetHints":{"allow":["GET"]}}],"collection":[{"href":"https:\/\/catolicanet.net\/wp-cnet\/wp-json\/wp\/v2\/posts"}],"about":[{"href":"https:\/\/catolicanet.net\/wp-cnet\/wp-json\/wp\/v2\/types\/post"}],"author":[{"embeddable":true,"href":"https:\/\/catolicanet.net\/wp-cnet\/wp-json\/wp\/v2\/users\/1"}],"replies":[{"embeddable":true,"href":"https:\/\/catolicanet.net\/wp-cnet\/wp-json\/wp\/v2\/comments?post=19706"}],"version-history":[{"count":1,"href":"https:\/\/catolicanet.net\/wp-cnet\/wp-json\/wp\/v2\/posts\/19706\/revisions"}],"predecessor-version":[{"id":27270,"href":"https:\/\/catolicanet.net\/wp-cnet\/wp-json\/wp\/v2\/posts\/19706\/revisions\/27270"}],"wp:featuredmedia":[{"embeddable":true,"href":"https:\/\/catolicanet.net\/wp-cnet\/wp-json\/wp\/v2\/media\/19705"}],"wp:attachment":[{"href":"https:\/\/catolicanet.net\/wp-cnet\/wp-json\/wp\/v2\/media?parent=19706"}],"wp:term":[{"taxonomy":"category","embeddable":true,"href":"https:\/\/catolicanet.net\/wp-cnet\/wp-json\/wp\/v2\/categories?post=19706"},{"taxonomy":"post_tag","embeddable":true,"href":"https:\/\/catolicanet.net\/wp-cnet\/wp-json\/wp\/v2\/tags?post=19706"}],"curies":[{"name":"wp","href":"https:\/\/api.w.org\/{rel}","templated":true}]}}