{"id":19701,"date":"2016-12-01T17:23:43","date_gmt":"2016-12-01T19:23:43","guid":{"rendered":"http:\/\/catolicanet.net\/wp-cnet\/2016\/12\/01\/americanicaragua-preocupacao-dos-bispos-pela-violencia-contra-os-direitos-dos-cidadaos\/"},"modified":"2017-05-30T16:23:44","modified_gmt":"2017-05-30T19:23:44","slug":"americanicaragua-preocupacao-dos-bispos-pela-violencia-contra-os-direitos-dos-cidadaos","status":"publish","type":"post","link":"https:\/\/catolicanet.net\/wp-cnet\/americanicaragua-preocupacao-dos-bispos-pela-violencia-contra-os-direitos-dos-cidadaos\/","title":{"rendered":"AM\u00c9RICA\/NICAR\u00c1GUA &#8211; Preocupa\u00e7\u00e3o dos Bispos pela viol\u00eancia contra os direitos dos cidad\u00e3os"},"content":{"rendered":"<p style=\"text-align: justify;\"><img decoding=\"async\" src=\"http:\/\/www.catolicanet.com.br\/images\/stories\/bispos\/primopiano_2961.jpg\" border=\"0\" align=\"left\" \/>Man\u00e1gua (Ag\u00eancia Fides) \u2013 Os Bispos da Nicar\u00e1gua condenaram a violenta repress\u00e3o do governo contra os camponeses, nos dias 29 e 30 de novembro (veja Fides 30\/11\/2016),que foram agredidas pelas for\u00e7as anti-rebeli\u00e3o da pol\u00edcia na Nova Guin\u00e9 e em outras localidades ao longo da estrada para Man\u00e1gua, para evitar que chegassem \u00e0 capital para participar da marcha em defesa de sua terra, amea\u00e7ada de despejo para a constru\u00e7\u00e3o do canal interoce\u00e2nico.<br \/>\u201cSeja como Igreja que como Confer\u00eancia episcopal, estamos pr\u00f3ximos do povo e somos coerentes. N\u00e3o estamos ao lado dos poderosos, mas sim de nosso povo\u201d, disse Dom Jorge Sol\u00f3rzano, porta-voz e Secret\u00e1rio-geral da Confer\u00eancia Episcopal Nicaraguense (CEN). Falando com jornalistas, expressou tamb\u00e9m a preocupa\u00e7\u00e3o dos Bispos pela s\u00e9rie de viol\u00eancias cometidas pelo governo contra os direitos dos cidad\u00e3os.<br \/>\u201cIsto n\u00e3o \u00e9 normal, est\u00e3o passando do limite. O povo deve ser corajoso, devemos sempre procurar defender os direitos e estar com eles&#8230; Pedimos (ao presidente Ortega) o di\u00e1logo e as elei\u00e7\u00f5es livres v\u00e1rias ocasi\u00f5es, mas nunca nos ouviu. Agora lhe pedimos calma, que n\u00e3o reprima o povo\u201d, exortou Dom Sol\u00f3rzano.<br \/>Segundo a nota enviada \u00e0 Fides, o Secret\u00e1rio-geral da CEN disse que est\u00e1 sendo pensada a publica\u00e7\u00e3o de um documento sobre a onda de viol\u00eancias que est\u00e1 acometendo o pa\u00eds, e que os Bispos foram convidados a encontrar Luis Almagro, Secret\u00e1rio-geral da Organiza\u00e7\u00e3o dos Estados Americanos (OEA), que se encontra em visita no pa\u00eds.<br \/>Depois dos atritos, muitos camponeses ficaram feridos e uma grande parte deles n\u00e3o conseguiu chegar \u00e0 capital por causa da a\u00e7\u00e3o violenta da pol\u00edcia. A tens\u00e3o permanece alta porque hoje, quinta-feira, 1\u00ba de dezembro, est\u00e1 programada uma manifesta\u00e7\u00e3o contra o sistema eleitoral, organizada pelos grupos pol\u00edticos da oposi\u00e7\u00e3o e por movimentos sociais do pa\u00eds.<\/p>\n<p style=\"text-align: justify;\">\u00a0<\/p>\n<p>Fonte: Ag\u00eancia Fides<\/p>\n","protected":false},"excerpt":{"rendered":"<p>Man\u00e1gua (Ag\u00eancia Fides) \u2013 Os Bispos da Nicar\u00e1gua condenaram a violenta repress\u00e3o do governo contra os camponeses, nos dias 29 e 30 de novembro (veja Fides 30\/11\/2016),que foram agredidas pelas for\u00e7as anti-rebeli\u00e3o da pol\u00edcia na Nova Guin\u00e9 e em outras localidades ao longo da estrada para Man\u00e1gua, para evitar que chegassem \u00e0 capital para participar [&hellip;]<\/p>\n","protected":false},"author":1,"featured_media":19700,"comment_status":"open","ping_status":"open","sticky":false,"template":"","format":"standard","meta":{"footnotes":""},"categories":[4],"tags":[],"class_list":["post-19701","post","type-post","status-publish","format-standard","has-post-thumbnail","hentry","category-cotidiano"],"_links":{"self":[{"href":"https:\/\/catolicanet.net\/wp-cnet\/wp-json\/wp\/v2\/posts\/19701","targetHints":{"allow":["GET"]}}],"collection":[{"href":"https:\/\/catolicanet.net\/wp-cnet\/wp-json\/wp\/v2\/posts"}],"about":[{"href":"https:\/\/catolicanet.net\/wp-cnet\/wp-json\/wp\/v2\/types\/post"}],"author":[{"embeddable":true,"href":"https:\/\/catolicanet.net\/wp-cnet\/wp-json\/wp\/v2\/users\/1"}],"replies":[{"embeddable":true,"href":"https:\/\/catolicanet.net\/wp-cnet\/wp-json\/wp\/v2\/comments?post=19701"}],"version-history":[{"count":1,"href":"https:\/\/catolicanet.net\/wp-cnet\/wp-json\/wp\/v2\/posts\/19701\/revisions"}],"predecessor-version":[{"id":24881,"href":"https:\/\/catolicanet.net\/wp-cnet\/wp-json\/wp\/v2\/posts\/19701\/revisions\/24881"}],"wp:featuredmedia":[{"embeddable":true,"href":"https:\/\/catolicanet.net\/wp-cnet\/wp-json\/wp\/v2\/media\/19700"}],"wp:attachment":[{"href":"https:\/\/catolicanet.net\/wp-cnet\/wp-json\/wp\/v2\/media?parent=19701"}],"wp:term":[{"taxonomy":"category","embeddable":true,"href":"https:\/\/catolicanet.net\/wp-cnet\/wp-json\/wp\/v2\/categories?post=19701"},{"taxonomy":"post_tag","embeddable":true,"href":"https:\/\/catolicanet.net\/wp-cnet\/wp-json\/wp\/v2\/tags?post=19701"}],"curies":[{"name":"wp","href":"https:\/\/api.w.org\/{rel}","templated":true}]}}