{"id":19697,"date":"2016-12-01T16:30:16","date_gmt":"2016-12-01T18:30:16","guid":{"rendered":"http:\/\/catolicanet.net\/wp-cnet\/2016\/12\/01\/asiairaque-o-exercito-iraquiano-envolve-as-milicias-confessionais-na-protecao-das-areas-ocupadas-pelos-jihadistas-do-estado-islamico\/"},"modified":"2017-05-30T16:24:42","modified_gmt":"2017-05-30T19:24:42","slug":"asiairaque-o-exercito-iraquiano-envolve-as-milicias-confessionais-na-protecao-das-areas-ocupadas-pelos-jihadistas-do-estado-islamico","status":"publish","type":"post","link":"https:\/\/catolicanet.net\/wp-cnet\/asiairaque-o-exercito-iraquiano-envolve-as-milicias-confessionais-na-protecao-das-areas-ocupadas-pelos-jihadistas-do-estado-islamico\/","title":{"rendered":"\u00c1SIA\/IRAQUE &#8211; O ex\u00e9rcito iraquiano envolve as mil\u00edcias confessionais na prote\u00e7\u00e3o das \u00e1reas ocupadas pelos jihadistas do Estado isl\u00e2mico"},"content":{"rendered":"<p style=\"text-align: justify;\"><img decoding=\"async\" src=\"http:\/\/www.catolicanet.com.br\/images\/stories\/noticias\/primopiano_2968.jpg\" border=\"0\" align=\"left\" \/>Mossul (Ag\u00eancia Fides) \u2013 As \u00e1reas da Plan\u00edcie de N\u00ednive, liberadas do controle dos jihadistas do Estado Isl\u00e2mico (Daesh) pelo ex\u00e9rcito nacional iraquiano, ser\u00e3o submetidas a um sistema de seguran\u00e7a e autodefesa que ter\u00e1 tamb\u00e9m a participa\u00e7\u00e3o das Unidades de prote\u00e7\u00e3o armada organizadas com base confessional, inclusive os grupos compostos por crist\u00e3os s\u00edrios e ass\u00edrios. Foi o que confirmou, quarta-feira, 30 de novembro, o general Riad Jalal Tawfiq, comandante das for\u00e7as terrestres do ex\u00e9rcito iraquiano engajadas na reconquista de Mossul.<br \/>Durante uma coletiva de imprensa, o general iraquiano informou que as unidades de prote\u00e7\u00e3o local formados com base tribal confessional (inclusive os turcomenos, crist\u00e3os e membros da minoria \u00e9tnico-religiosa Shabak) ter\u00e3o papel de primeiro plano tamb\u00e9m na gest\u00e3o da acolhida e do fornecimento de alimentos e bens de primeira necessidade aos refugiados que retornarem \u00e0s suas casas, nas \u00e1reas subtra\u00eddas ao controle dos milicianos do Daesh.<\/p>\n<p style=\"text-align: justify;\">\u00a0<\/p>\n<p style=\"text-align: justify;\">Fonte: Ag\u00eancia Fides<\/p>\n","protected":false},"excerpt":{"rendered":"<p>Mossul (Ag\u00eancia Fides) \u2013 As \u00e1reas da Plan\u00edcie de N\u00ednive, liberadas do controle dos jihadistas do Estado Isl\u00e2mico (Daesh) pelo ex\u00e9rcito nacional iraquiano, ser\u00e3o submetidas a um sistema de seguran\u00e7a e autodefesa que ter\u00e1 tamb\u00e9m a participa\u00e7\u00e3o das Unidades de prote\u00e7\u00e3o armada organizadas com base confessional, inclusive os grupos compostos por crist\u00e3os s\u00edrios e ass\u00edrios. [&hellip;]<\/p>\n","protected":false},"author":1,"featured_media":19696,"comment_status":"open","ping_status":"open","sticky":false,"template":"","format":"standard","meta":{"footnotes":""},"categories":[4],"tags":[],"class_list":["post-19697","post","type-post","status-publish","format-standard","has-post-thumbnail","hentry","category-cotidiano"],"_links":{"self":[{"href":"https:\/\/catolicanet.net\/wp-cnet\/wp-json\/wp\/v2\/posts\/19697","targetHints":{"allow":["GET"]}}],"collection":[{"href":"https:\/\/catolicanet.net\/wp-cnet\/wp-json\/wp\/v2\/posts"}],"about":[{"href":"https:\/\/catolicanet.net\/wp-cnet\/wp-json\/wp\/v2\/types\/post"}],"author":[{"embeddable":true,"href":"https:\/\/catolicanet.net\/wp-cnet\/wp-json\/wp\/v2\/users\/1"}],"replies":[{"embeddable":true,"href":"https:\/\/catolicanet.net\/wp-cnet\/wp-json\/wp\/v2\/comments?post=19697"}],"version-history":[{"count":1,"href":"https:\/\/catolicanet.net\/wp-cnet\/wp-json\/wp\/v2\/posts\/19697\/revisions"}],"predecessor-version":[{"id":24882,"href":"https:\/\/catolicanet.net\/wp-cnet\/wp-json\/wp\/v2\/posts\/19697\/revisions\/24882"}],"wp:featuredmedia":[{"embeddable":true,"href":"https:\/\/catolicanet.net\/wp-cnet\/wp-json\/wp\/v2\/media\/19696"}],"wp:attachment":[{"href":"https:\/\/catolicanet.net\/wp-cnet\/wp-json\/wp\/v2\/media?parent=19697"}],"wp:term":[{"taxonomy":"category","embeddable":true,"href":"https:\/\/catolicanet.net\/wp-cnet\/wp-json\/wp\/v2\/categories?post=19697"},{"taxonomy":"post_tag","embeddable":true,"href":"https:\/\/catolicanet.net\/wp-cnet\/wp-json\/wp\/v2\/tags?post=19697"}],"curies":[{"name":"wp","href":"https:\/\/api.w.org\/{rel}","templated":true}]}}