{"id":19691,"date":"2016-12-01T14:05:27","date_gmt":"2016-12-01T16:05:27","guid":{"rendered":"http:\/\/catolicanet.net\/wp-cnet\/2016\/12\/01\/delegacao-catolica-da-georgia-agradece-ao-papa-por-visita-ao-pais\/"},"modified":"2017-06-02T10:11:48","modified_gmt":"2017-06-02T13:11:48","slug":"delegacao-catolica-da-georgia-agradece-ao-papa-por-visita-ao-pais","status":"publish","type":"post","link":"https:\/\/catolicanet.net\/wp-cnet\/delegacao-catolica-da-georgia-agradece-ao-papa-por-visita-ao-pais\/","title":{"rendered":"Delega\u00e7\u00e3o cat\u00f3lica da Ge\u00f3rgia agradece ao Papa por visita ao pa\u00eds"},"content":{"rendered":"<p style=\"text-align: justify;\"><img decoding=\"async\" src=\"http:\/\/www.catolicanet.com.br\/images\/stories\/papas\/ansa1115605_articolo.jpg\" border=\"0\" align=\"left\" \/>Cidade do Vaticano (RV) &#8211; \u201cObrigado por esta visita que traz tantas recorda\u00e7\u00f5es. Jamais tinha pensado encontrar na Ge\u00f3rgia o que vi: cultura, espiritualidade, um povo de louva Jesus Cristo como o Salvador, porque \u00e9 um povo crist\u00e3o\u201d.<\/p>\n<p>Foram palavras do Pont\u00edfice ao receber em audi\u00eancia na manh\u00e3 desta quinta-feira (01\/12) na Sala dos Papas, no Vaticano, a delega\u00e7\u00e3o de fi\u00e9is da Administra\u00e7\u00e3o Apost\u00f3lica do C\u00e1ucaso, cujos integrantes \u2013 35 ao todo \u2013 vieram a Roma agradecer ao Santo Padre pela visita \u00e0 Ge\u00f3rgia, realizada de 30 de setembro a 2 de outubro.<\/p>\n<p>Francisco disse ainda que a visita foi para ele uma grande alegria, acrescentando, do ponto de vista ecum\u00eanico, ter ficado muito impressionado com a pessoa do Patriarca Elias: \u201csimplesmente percebi ali um homem de Deus\u201d, afirmou.<\/p>\n<p>\u201cSei que existem muitos problemas, mas a proposta positiva de Sua Excel\u00eancia (Dom Giuseppe Pasotto, administrador apost\u00f3lico do C\u00e1ucaso) creio que seja boa; sem for\u00e7ar, buscar o modo de caminhar juntos, lentamente.\u201d<\/p>\n<p>Em seguida, o Papa voltou a recordar alguns dos momentos marcantes de sua visita ao pa\u00eds da regi\u00e3o cauc\u00e1sica:<\/p>\n<p>\u201cRecordo tamb\u00e9m com simpatia o encontro na catedral&#8230;; as perguntas dos leigos&#8230;; vi a responsabilidade dos leigos nesta Igreja, e isso \u00e9 grande uma coisa, \u00e9 uma grande coisa! Tamb\u00e9m os sacerdotes, os religiosos, todos&#8230; Recordo muito bem&#8230; E agrade\u00e7o muito a voc\u00eas por isso.\u201d<\/p>\n<p>\u201cSigam adiante este trabalho como o fermento que faz a massa crescer\u201d \u2013 foi a exorta\u00e7\u00e3o do Pont\u00edfice.<\/p>\n<p style=\"text-align: justify;\">\u00a0<\/p>\n<p style=\"text-align: justify;\">Fonte: R\u00e1dio Vaticano<\/p>\n","protected":false},"excerpt":{"rendered":"<p>Cidade do Vaticano (RV) &#8211; \u201cObrigado por esta visita que traz tantas recorda\u00e7\u00f5es. Jamais tinha pensado encontrar na Ge\u00f3rgia o que vi: cultura, espiritualidade, um povo de louva Jesus Cristo como o Salvador, porque \u00e9 um povo crist\u00e3o\u201d. Foram palavras do Pont\u00edfice ao receber em audi\u00eancia na manh\u00e3 desta quinta-feira (01\/12) na Sala dos Papas, [&hellip;]<\/p>\n","protected":false},"author":1,"featured_media":19690,"comment_status":"open","ping_status":"open","sticky":false,"template":"","format":"standard","meta":{"footnotes":""},"categories":[3],"tags":[],"class_list":["post-19691","post","type-post","status-publish","format-standard","has-post-thumbnail","hentry","category-vaticano"],"_links":{"self":[{"href":"https:\/\/catolicanet.net\/wp-cnet\/wp-json\/wp\/v2\/posts\/19691","targetHints":{"allow":["GET"]}}],"collection":[{"href":"https:\/\/catolicanet.net\/wp-cnet\/wp-json\/wp\/v2\/posts"}],"about":[{"href":"https:\/\/catolicanet.net\/wp-cnet\/wp-json\/wp\/v2\/types\/post"}],"author":[{"embeddable":true,"href":"https:\/\/catolicanet.net\/wp-cnet\/wp-json\/wp\/v2\/users\/1"}],"replies":[{"embeddable":true,"href":"https:\/\/catolicanet.net\/wp-cnet\/wp-json\/wp\/v2\/comments?post=19691"}],"version-history":[{"count":1,"href":"https:\/\/catolicanet.net\/wp-cnet\/wp-json\/wp\/v2\/posts\/19691\/revisions"}],"predecessor-version":[{"id":27273,"href":"https:\/\/catolicanet.net\/wp-cnet\/wp-json\/wp\/v2\/posts\/19691\/revisions\/27273"}],"wp:featuredmedia":[{"embeddable":true,"href":"https:\/\/catolicanet.net\/wp-cnet\/wp-json\/wp\/v2\/media\/19690"}],"wp:attachment":[{"href":"https:\/\/catolicanet.net\/wp-cnet\/wp-json\/wp\/v2\/media?parent=19691"}],"wp:term":[{"taxonomy":"category","embeddable":true,"href":"https:\/\/catolicanet.net\/wp-cnet\/wp-json\/wp\/v2\/categories?post=19691"},{"taxonomy":"post_tag","embeddable":true,"href":"https:\/\/catolicanet.net\/wp-cnet\/wp-json\/wp\/v2\/tags?post=19691"}],"curies":[{"name":"wp","href":"https:\/\/api.w.org\/{rel}","templated":true}]}}