{"id":19689,"date":"2016-12-01T12:55:58","date_gmt":"2016-12-01T14:55:58","guid":{"rendered":"http:\/\/catolicanet.net\/wp-cnet\/2016\/12\/01\/marajo-onde-criancas-e-adolescentes-trocam-a-escola-pelas-balsas\/"},"modified":"2017-05-26T11:06:09","modified_gmt":"2017-05-26T14:06:09","slug":"marajo-onde-criancas-e-adolescentes-trocam-a-escola-pelas-balsas","status":"publish","type":"post","link":"https:\/\/catolicanet.net\/wp-cnet\/marajo-onde-criancas-e-adolescentes-trocam-a-escola-pelas-balsas\/","title":{"rendered":"Maraj\u00f3, onde crian\u00e7as e adolescentes trocam a escola pelas balsas"},"content":{"rendered":"<p style=\"text-align: justify;\"><img decoding=\"async\" src=\"http:\/\/www.catolicanet.com.br\/images\/stories\/noticias\/rv21581_articolo.jpg\" border=\"0\" align=\"left\" \/>Bel\u00e9m (RV) \u2013 Nossa h\u00f3spede \u00e9 a Irm\u00e3 Henriqueta Cavalcanti, da Comiss\u00e3o Justi\u00e7a e Paz do Regional Norte2 da CNBB, que engloba Par\u00e1 e Amap\u00e1. Irm\u00e3 Henriqueta se dedica aos eixos \u2018Tr\u00e1fico de Pessoas\u2019, \u2018Enfrentamento da explora\u00e7\u00e3o sexual de crian\u00e7as e adolescentes\u2019 e \u2018Combate \u00e0 corrup\u00e7\u00e3o eleitoral\u2019. Em entrevista concedida recentemente em Bel\u00e9m (PA), a religiosa ilustra a situa\u00e7\u00e3o dram\u00e1tica daquela regi\u00e3o do norte do pa\u00eds, denunciada tamb\u00e9m diversas vezes pelo bispo em\u00e9rito de Maraj\u00f3, Dom Jos\u00e9 Luis Azcona, amea\u00e7ado de morte.<\/p>\n<p>Melga\u00e7o \u00e9 uma cidade de 26 mil habitantes que tem o pior \u00cdndice de Desenvolvimento Humano do pa\u00eds. Ali pelos rios, o problema \u00e9 a explora\u00e7\u00e3o sexual. Crian\u00e7as e adolescentes usam canoas para se aproximar das balsas que fazem o transporte de cargas entre Bel\u00e9m e Manaus. A princ\u00edpio, essas meninas entram nas embarca\u00e7\u00f5es para vender a\u00e7a\u00ed, farinha, palmito. Mas em muitos casos, acabam sendo exploradas em troca de dinheiro, comida e at\u00e9 de combust\u00edvel. <\/p>\n<p>Irm\u00e3 Henriqueta narra a hist\u00f3ria de uma menina que engravidou aos 11 anos do pr\u00f3prio padastro e acabou sendo abandonada pela m\u00e3e. Violentada fisicamente, a menina hoje sofre tamb\u00e9m a viol\u00eancia de crescer sem o afeto materno.<\/p>\n<p style=\"text-align: justify;\">\u00a0<\/p>\n<p style=\"text-align: justify;\"><a href=\"http:\/\/br.radiovaticana.va\/news\/2016\/12\/01\/maraj%C3%B3,_onde_crian%C3%A7as_trocam_a_escola_pelas_balsas\/1276084\">Clique aqui para ouvir:<\/a><\/p>\n<p style=\"text-align: justify;\">\u00a0<\/p>\n<p style=\"text-align: justify;\">N\u00e3o obstante a impunidade e o medo dos menores em denunciar a viol\u00eancia, a Comiss\u00e3o, em seus anos de luta, obteve alguns resultados exitosos. Ou\u00e7a a entrevista integral clicando acima.<\/p>\n<p style=\"text-align: justify;\">\u00a0<\/p>\n<p style=\"text-align: justify;\">Fonte: R\u00e1dio Vaticano<\/p>\n","protected":false},"excerpt":{"rendered":"<p>Bel\u00e9m (RV) \u2013 Nossa h\u00f3spede \u00e9 a Irm\u00e3 Henriqueta Cavalcanti, da Comiss\u00e3o Justi\u00e7a e Paz do Regional Norte2 da CNBB, que engloba Par\u00e1 e Amap\u00e1. Irm\u00e3 Henriqueta se dedica aos eixos \u2018Tr\u00e1fico de Pessoas\u2019, \u2018Enfrentamento da explora\u00e7\u00e3o sexual de crian\u00e7as e adolescentes\u2019 e \u2018Combate \u00e0 corrup\u00e7\u00e3o eleitoral\u2019. Em entrevista concedida recentemente em Bel\u00e9m (PA), a [&hellip;]<\/p>\n","protected":false},"author":1,"featured_media":19688,"comment_status":"open","ping_status":"open","sticky":false,"template":"","format":"standard","meta":{"footnotes":""},"categories":[4],"tags":[],"class_list":["post-19689","post","type-post","status-publish","format-standard","has-post-thumbnail","hentry","category-cotidiano"],"_links":{"self":[{"href":"https:\/\/catolicanet.net\/wp-cnet\/wp-json\/wp\/v2\/posts\/19689","targetHints":{"allow":["GET"]}}],"collection":[{"href":"https:\/\/catolicanet.net\/wp-cnet\/wp-json\/wp\/v2\/posts"}],"about":[{"href":"https:\/\/catolicanet.net\/wp-cnet\/wp-json\/wp\/v2\/types\/post"}],"author":[{"embeddable":true,"href":"https:\/\/catolicanet.net\/wp-cnet\/wp-json\/wp\/v2\/users\/1"}],"replies":[{"embeddable":true,"href":"https:\/\/catolicanet.net\/wp-cnet\/wp-json\/wp\/v2\/comments?post=19689"}],"version-history":[{"count":1,"href":"https:\/\/catolicanet.net\/wp-cnet\/wp-json\/wp\/v2\/posts\/19689\/revisions"}],"predecessor-version":[{"id":23208,"href":"https:\/\/catolicanet.net\/wp-cnet\/wp-json\/wp\/v2\/posts\/19689\/revisions\/23208"}],"wp:featuredmedia":[{"embeddable":true,"href":"https:\/\/catolicanet.net\/wp-cnet\/wp-json\/wp\/v2\/media\/19688"}],"wp:attachment":[{"href":"https:\/\/catolicanet.net\/wp-cnet\/wp-json\/wp\/v2\/media?parent=19689"}],"wp:term":[{"taxonomy":"category","embeddable":true,"href":"https:\/\/catolicanet.net\/wp-cnet\/wp-json\/wp\/v2\/categories?post=19689"},{"taxonomy":"post_tag","embeddable":true,"href":"https:\/\/catolicanet.net\/wp-cnet\/wp-json\/wp\/v2\/tags?post=19689"}],"curies":[{"name":"wp","href":"https:\/\/api.w.org\/{rel}","templated":true}]}}