{"id":19639,"date":"2016-11-28T12:40:34","date_gmt":"2016-11-28T14:40:34","guid":{"rendered":"http:\/\/catolicanet.net\/wp-cnet\/2016\/11\/28\/fidel-o-lider-maximo-que-encontrou-tres-papas\/"},"modified":"2017-05-26T11:09:35","modified_gmt":"2017-05-26T14:09:35","slug":"fidel-o-lider-maximo-que-encontrou-tres-papas","status":"publish","type":"post","link":"https:\/\/catolicanet.net\/wp-cnet\/fidel-o-lider-maximo-que-encontrou-tres-papas\/","title":{"rendered":"Fidel, o &#8216;l\u00edder m\u00e1ximo&#8217; que encontrou tr\u00eas Papas"},"content":{"rendered":"<p style=\"text-align: justify;\"><img decoding=\"async\" src=\"http:\/\/www.catolicanet.com.br\/images\/stories\/noticias\/afp6027103_articolo.jpg\" border=\"0\" align=\"left\" \/>Cidade do Vaticano (RV) \u2013 Fidel Castro, o l\u00edder da Revolu\u00e7\u00e3o Cubana morreu sexta-feira (25\/11), aos 90 anos, anunciou a TV estatal. Um dos homens mais carism\u00e1ticos e controversos da Hist\u00f3ria pol\u00edtica do s\u00e9culo XX, era a \u00faltima grande figura do comunismo ocidental. O ex-l\u00edder \u2018m\u00e1ximo\u2019 governou a ilha caribenha por quase meio s\u00e9culo at\u00e9 render-se \u00e0 sa\u00fade e entregar o poder a seu irm\u00e3o, Ra\u00fal Castro, em 2008. Conforme Ra\u00fal, o corpo do ex-presidente de Cuba ser\u00e1 cremado na manh\u00e3 deste s\u00e1bado (26\/11), \u2018atendendo a seus pedidos\u2019.<\/p>\n<p style=\"text-align: justify;\"><a href=\"http:\/\/media02.radiovaticana.va\/audio\/audio2\/mp3\/00559323.mp3\">Clique aqui para ouvir:<\/a><\/p>\n<p style=\"text-align: justify;\">\u00a0<\/p>\n<p style=\"text-align: justify;\">Povo cubano &#8216;ser\u00e1 vitorioso&#8217;<\/p>\n<p>Fidel foi visto publicamente pela \u00faltima vez em 15 de novembro passado, quando recebeu o presidente do Vietn\u00e3, Tran Dai Quang. Em abril, proferiu um discurso raro no \u00faltimo dia do congresso do Partido Comunista. Na ocasi\u00e3o, ele reconheceu a idade avan\u00e7ada, mas disse que os conceitos comunistas cubanos ainda eram v\u00e1lidos e o povo cubano \u2018ser\u00e1 vitorioso\u2019.\u00a0 <\/p>\n<p>\u201cNa abertura de Cuba ao mundo e do mundo a Cuba\u201d foi decisivo o papel diplom\u00e1tico da Igreja Cat\u00f3lica, inicialmente com Jo\u00e3o Paulo II e Bento XVI, e depois com a a\u00e7\u00e3o do Papa Francisco que levou \u00e0 normaliza\u00e7\u00e3o das rela\u00e7\u00f5es de Cuba e Estados Unidos.<\/p>\n<p>O desgelo com Wojtyla<\/p>\n<p>Fidel Castro encontrou Papa Wojtyla em 1996, no Vaticano: uma audi\u00eancia reservada e cordial, de 35 minutos. No final, a declara\u00e7\u00e3o de Fidel: \u201cGostaria de receber o Papa em Cuba\u201d. Dito e feito, em janeiro de 1998, o acontecimento hist\u00f3rico, a visita do Papa Jo\u00e3o Paulo II \u00e0 ilha. Ao se despedir do Pont\u00edfice, que defendera repetidamente o fim do embargo, n\u00e3o se furtando, contudo, de pedir a liberta\u00e7\u00e3o dos presos pol\u00edticos cubanos, o presidente cubano afirmou:<\/p>\n<p>\u201cCreio que n\u00f3s dois demos um bom exemplo ao mundo. O senhor, visitando o que alguns passaram a chamar de \u00faltimo basti\u00e3o do comunismo. N\u00f3s, recebendo o l\u00edder religioso a quem quiseram atribuir a responsabilidade de haver destru\u00eddo o socialismo na Europa\u201d.\u00a0 <\/p>\n<p>Bento XVI em Havana<\/p>\n<p>Quatorze anos depois, em 2012, mais livre de compromissos pol\u00edticos, vista a idade e a doen\u00e7a, foi a vez do encontro com Bento XVI em Havana. Padre Federico Lombardi, ent\u00e3o porta-voz da Santa S\u00e9, mencionou que a conversa foi cordial; Fidel teria apresentado ao Pont\u00edfice esposa e filhos.<\/p>\n<p>Entre o l\u00edder e Bento XVI houve uma animada troca de ideias e no momento da despedida, Castro quis agradecer Ratzinger por duas beatifica\u00e7\u00f5es: Madre Teresa de Calcut\u00e1 e Jo\u00e3o Paulo II.<\/p>\n<p>As afinidades com Papa Francisco<\/p>\n<p>Enfim, domingo, 20 de setembro de 2015: Papa Francisco e Fidel Castro, encontro definido na ocasi\u00e3o como \u201cuma visita pastoral de um\u00a0 sacerdote a uma pessoa idosa e doente\u201d.<\/p>\n<p>Castro ofereceu ao pont\u00edfice o livro \u2018Fidel e a Religi\u00e3o&#8217;, escrito pelo brasileiro Frei Beto (1997), com uma dedicat\u00f3ria: \u201cPara o Papa Francisco por ocasi\u00e3o de sua visita a Cuba, com a admira\u00e7\u00e3o e o respeito do povo cubano\u201d.\u00a0 Deixando a ilha, em conversa com jornalistas no avi\u00e3o, Francisco revelou ter presenteado o l\u00edder com um livro e um CD de confer\u00eancias do Padre Llorente, um jesu\u00edta muito amigo dele, al\u00e9m de dois livros do Padre Pronzato.<\/p>\n<p>\u201cFalamos muito da Enc\u00edclica Laudato si\u2019, porque estava interessado no tema da ecologia\u201d, contou o Papa. \u201cFoi um encontro mais espont\u00e2neo que formal; estava presente tamb\u00e9m a fam\u00edlia e ainda os que me acompanhavam. Sobre a Enc\u00edclica, muito. Do passado, n\u00e3o falamos. Bem, um pouco do passado sim: do col\u00e9gio dos jesu\u00edtas, de como eram os jesu\u00edtas, de como o faziam trabalhar. Disso, sim\u201d.<\/p>\n<p style=\"text-align: justify;\">\u00a0<\/p>\n<p style=\"text-align: justify;\">Fonte: R\u00e1dio Vaticano<\/p>\n","protected":false},"excerpt":{"rendered":"<p>Cidade do Vaticano (RV) \u2013 Fidel Castro, o l\u00edder da Revolu\u00e7\u00e3o Cubana morreu sexta-feira (25\/11), aos 90 anos, anunciou a TV estatal. Um dos homens mais carism\u00e1ticos e controversos da Hist\u00f3ria pol\u00edtica do s\u00e9culo XX, era a \u00faltima grande figura do comunismo ocidental. O ex-l\u00edder \u2018m\u00e1ximo\u2019 governou a ilha caribenha por quase meio s\u00e9culo at\u00e9 [&hellip;]<\/p>\n","protected":false},"author":1,"featured_media":19638,"comment_status":"open","ping_status":"open","sticky":false,"template":"","format":"standard","meta":{"footnotes":""},"categories":[4],"tags":[],"class_list":["post-19639","post","type-post","status-publish","format-standard","has-post-thumbnail","hentry","category-cotidiano"],"_links":{"self":[{"href":"https:\/\/catolicanet.net\/wp-cnet\/wp-json\/wp\/v2\/posts\/19639","targetHints":{"allow":["GET"]}}],"collection":[{"href":"https:\/\/catolicanet.net\/wp-cnet\/wp-json\/wp\/v2\/posts"}],"about":[{"href":"https:\/\/catolicanet.net\/wp-cnet\/wp-json\/wp\/v2\/types\/post"}],"author":[{"embeddable":true,"href":"https:\/\/catolicanet.net\/wp-cnet\/wp-json\/wp\/v2\/users\/1"}],"replies":[{"embeddable":true,"href":"https:\/\/catolicanet.net\/wp-cnet\/wp-json\/wp\/v2\/comments?post=19639"}],"version-history":[{"count":1,"href":"https:\/\/catolicanet.net\/wp-cnet\/wp-json\/wp\/v2\/posts\/19639\/revisions"}],"predecessor-version":[{"id":23211,"href":"https:\/\/catolicanet.net\/wp-cnet\/wp-json\/wp\/v2\/posts\/19639\/revisions\/23211"}],"wp:featuredmedia":[{"embeddable":true,"href":"https:\/\/catolicanet.net\/wp-cnet\/wp-json\/wp\/v2\/media\/19638"}],"wp:attachment":[{"href":"https:\/\/catolicanet.net\/wp-cnet\/wp-json\/wp\/v2\/media?parent=19639"}],"wp:term":[{"taxonomy":"category","embeddable":true,"href":"https:\/\/catolicanet.net\/wp-cnet\/wp-json\/wp\/v2\/categories?post=19639"},{"taxonomy":"post_tag","embeddable":true,"href":"https:\/\/catolicanet.net\/wp-cnet\/wp-json\/wp\/v2\/tags?post=19639"}],"curies":[{"name":"wp","href":"https:\/\/api.w.org\/{rel}","templated":true}]}}