{"id":19607,"date":"2016-11-25T15:49:47","date_gmt":"2016-11-25T17:49:47","guid":{"rendered":"http:\/\/catolicanet.net\/wp-cnet\/2016\/11\/25\/santuario-de-aparecida-inaugura-natal-iluminado-e-apresenta-programacao-de-fim-de-ano\/"},"modified":"2017-05-30T16:24:46","modified_gmt":"2017-05-30T19:24:46","slug":"santuario-de-aparecida-inaugura-natal-iluminado-e-apresenta-programacao-de-fim-de-ano","status":"publish","type":"post","link":"https:\/\/catolicanet.net\/wp-cnet\/santuario-de-aparecida-inaugura-natal-iluminado-e-apresenta-programacao-de-fim-de-ano\/","title":{"rendered":"Santu\u00e1rio de Aparecida inaugura Natal Iluminado e apresenta programa\u00e7\u00e3o de fim de ano"},"content":{"rendered":"<p style=\"text-align: justify;\"><img decoding=\"async\" src=\"http:\/\/www.catolicanet.com.br\/images\/stories\/noticias\/xnatal.jpg\" border=\"0\" align=\"left\" \/>APARECIDA, 25 Nov. 16 \/ 11:00 am (ACI).- O Natal Iluminado do Santu\u00e1rio Nacional de Aparecida ser\u00e1 inaugurado neste s\u00e1bado, 26 de novembro, com uma Missa e a b\u00ean\u00e7\u00e3o do pres\u00e9pio.<\/p>\n<p>A programa\u00e7\u00e3o ter\u00e1 in\u00edcio \u00e0s 20h, com a celebra\u00e7\u00e3o Eucar\u00edstica. Em seguida, uma prociss\u00e3o conduzir\u00e1 os fi\u00e9is at\u00e9 o pres\u00e9pio para a b\u00ean\u00e7\u00e3o, acionamento das luzes e queima de fogos.<\/p>\n<p>J\u00e1 no dia 3 de dezembro, haver\u00e1 uma apresenta\u00e7\u00e3o da Orquestra Bachiana Filarm\u00f4nica (Sesi &#8211; SP), com o maestro Jo\u00e3o Carlos Martins, e a entrada ser\u00e1 gratuita. O evento come\u00e7ar\u00e1 \u00e0s 19h30, no Centro de Eventos padre Vitor Coelho de Almeida. Antes da apresenta\u00e7\u00e3o ser\u00e1 celebrada uma Missa \u00e0s 18h no Altar Central.<\/p>\n<p>O Natal Iluminado contar\u00e1 ainda com apresenta\u00e7\u00f5es do PEMSA &#8211; Projeto de Educa\u00e7\u00e3o Musical do Santu\u00e1rio, tamb\u00e9m no Jardim Norte, pr\u00f3ximo ao Pres\u00e9pio, entre os dias 27 de novembro e 18 de dezembro.<\/p>\n<p>Al\u00e9m disso, de 15 a 24 de dezembro (com exce\u00e7\u00e3o do domingo, dia 18), acontece no Santu\u00e1rio Nacional a Novena de Natal Jubilar dos 300 anos de b\u00ean\u00e7\u00e3os. A celebra\u00e7\u00e3o ser\u00e1 sempre das 11h15 \u00e0s 12h no Altar Central da Bas\u00edlica, e ser\u00e1 transmitida pela TV Aparecida e pelo portal A12.com.<\/p>\n<p>Para este momento foi criado um livro especial, que traz tem\u00e1ticas di\u00e1rias para reflex\u00e3o deste per\u00edodo, em sintonia com as comemora\u00e7\u00f5es do jubileu.<\/p>\n<p>A programa\u00e7\u00e3o de fim de ano do Santu\u00e1rio contar\u00e1 ainda com as Missas Solenes de Natal e de N\u00e3o Novo nos dias 24 e 31 de dezembro, das 21h \u00e0s 22h30.<\/p>\n<p style=\"text-align: justify;\">\u00a0<\/p>\n<p style=\"text-align: justify;\">Fonte: Acidigital<\/p>\n","protected":false},"excerpt":{"rendered":"<p>APARECIDA, 25 Nov. 16 \/ 11:00 am (ACI).- O Natal Iluminado do Santu\u00e1rio Nacional de Aparecida ser\u00e1 inaugurado neste s\u00e1bado, 26 de novembro, com uma Missa e a b\u00ean\u00e7\u00e3o do pres\u00e9pio. A programa\u00e7\u00e3o ter\u00e1 in\u00edcio \u00e0s 20h, com a celebra\u00e7\u00e3o Eucar\u00edstica. Em seguida, uma prociss\u00e3o conduzir\u00e1 os fi\u00e9is at\u00e9 o pres\u00e9pio para a b\u00ean\u00e7\u00e3o, acionamento [&hellip;]<\/p>\n","protected":false},"author":1,"featured_media":19606,"comment_status":"open","ping_status":"open","sticky":false,"template":"","format":"standard","meta":{"footnotes":""},"categories":[4],"tags":[],"class_list":["post-19607","post","type-post","status-publish","format-standard","has-post-thumbnail","hentry","category-cotidiano"],"_links":{"self":[{"href":"https:\/\/catolicanet.net\/wp-cnet\/wp-json\/wp\/v2\/posts\/19607","targetHints":{"allow":["GET"]}}],"collection":[{"href":"https:\/\/catolicanet.net\/wp-cnet\/wp-json\/wp\/v2\/posts"}],"about":[{"href":"https:\/\/catolicanet.net\/wp-cnet\/wp-json\/wp\/v2\/types\/post"}],"author":[{"embeddable":true,"href":"https:\/\/catolicanet.net\/wp-cnet\/wp-json\/wp\/v2\/users\/1"}],"replies":[{"embeddable":true,"href":"https:\/\/catolicanet.net\/wp-cnet\/wp-json\/wp\/v2\/comments?post=19607"}],"version-history":[{"count":1,"href":"https:\/\/catolicanet.net\/wp-cnet\/wp-json\/wp\/v2\/posts\/19607\/revisions"}],"predecessor-version":[{"id":24894,"href":"https:\/\/catolicanet.net\/wp-cnet\/wp-json\/wp\/v2\/posts\/19607\/revisions\/24894"}],"wp:featuredmedia":[{"embeddable":true,"href":"https:\/\/catolicanet.net\/wp-cnet\/wp-json\/wp\/v2\/media\/19606"}],"wp:attachment":[{"href":"https:\/\/catolicanet.net\/wp-cnet\/wp-json\/wp\/v2\/media?parent=19607"}],"wp:term":[{"taxonomy":"category","embeddable":true,"href":"https:\/\/catolicanet.net\/wp-cnet\/wp-json\/wp\/v2\/categories?post=19607"},{"taxonomy":"post_tag","embeddable":true,"href":"https:\/\/catolicanet.net\/wp-cnet\/wp-json\/wp\/v2\/tags?post=19607"}],"curies":[{"name":"wp","href":"https:\/\/api.w.org\/{rel}","templated":true}]}}