{"id":1959,"date":"2012-08-01T18:43:00","date_gmt":"2012-08-01T21:43:00","guid":{"rendered":"http:\/\/catolicanet.net\/wp-cnet\/respeito-pelos-presos-a-intencao-de-oracao-do-papa-para-agosto\/"},"modified":"2017-03-21T13:51:48","modified_gmt":"2017-03-21T16:51:48","slug":"respeito-pelos-presos-a-intencao-de-oracao-do-papa-para-agosto","status":"publish","type":"post","link":"https:\/\/catolicanet.net\/wp-cnet\/respeito-pelos-presos-a-intencao-de-oracao-do-papa-para-agosto\/","title":{"rendered":"Respeito pelos presos: a inten\u00e7\u00e3o de ora\u00e7\u00e3o do Papa para agosto"},"content":{"rendered":"<p style=\"text-align: justify;\"><img decoding=\"async\" src=\"http:\/\/catolicanet.com.br\/images\/stories\/flaviocosta18.jpg\" border=\"0\" align=\"left\" \/>\u0093Para que os presos sejam tratados com justi\u00e7a e seja respeitada a sua dignidade.\u0094 Esta \u00e9 a Inten\u00e7\u00e3o Geral proposta pelo Santo Padre para o m\u00eas de agosto ao Apostolado da Ora\u00e7\u00e3o.<\/p>\n<p>No caso do Brasil, a superlota\u00e7\u00e3o carcer\u00e1ria \u00e9 um dos principais desafios a serem enfrentados, como nos explica o Padre Ney Brasil Pereira, que \u00e9 membro da Pastoral Carcer\u00e1ria do Estado de Santa Catarina e membro da Pontif\u00edcia Comiss\u00e3o B\u00edblica, com sede aqui no Vaticano:<\/p>\n<p>H\u00e1 um fen\u00f4meno muito preocupante que \u00e9 o aprisionamento que cresce cada vez mais. O n\u00famero de presos tem crescido muito. O Brasil tem quase 500 mil presos. Nosso Estado, Santa Catarina, quando comecei, em 1973, n\u00e3o havia tr\u00eas mil presos. Agora s\u00e3o 17 mil, em quest\u00e3o de 30 anos. E isso vai aumentando sempre mais rapidamente, ent\u00e3o o governo n\u00e3o consegue acompanhar esse n\u00famero maior de presos com novas constru\u00e7\u00f5es. E a meu ver, nem para que se reabilite. Esse trabalho de recupera\u00e7\u00e3o est\u00e1 muito falho.<\/p>\n<p>J\u00e1 a juventude est\u00e1 no centro da Inten\u00e7\u00e3o Mission\u00e1ria, que \u00e9 \u0093Para que os jovens, chamados ao seguimento de Cristo, se disponham a proclamar e testemunhar o Evangelho at\u00e9 os confins da terra\u0094.<\/p>\n","protected":false},"excerpt":{"rendered":"<p>\u0093Para que os presos sejam tratados com justi\u00e7a e seja respeitada a sua dignidade.\u0094 Esta \u00e9 a Inten\u00e7\u00e3o Geral proposta pelo Santo Padre para o m\u00eas de agosto ao Apostolado da Ora\u00e7\u00e3o. No caso do Brasil, a superlota\u00e7\u00e3o carcer\u00e1ria \u00e9 um dos principais desafios a serem enfrentados, como nos explica o Padre Ney Brasil Pereira, [&hellip;]<\/p>\n","protected":false},"author":1,"featured_media":0,"comment_status":"closed","ping_status":"closed","sticky":false,"template":"","format":"standard","meta":{"footnotes":""},"categories":[3],"tags":[],"class_list":["post-1959","post","type-post","status-publish","format-standard","hentry","category-vaticano"],"_links":{"self":[{"href":"https:\/\/catolicanet.net\/wp-cnet\/wp-json\/wp\/v2\/posts\/1959","targetHints":{"allow":["GET"]}}],"collection":[{"href":"https:\/\/catolicanet.net\/wp-cnet\/wp-json\/wp\/v2\/posts"}],"about":[{"href":"https:\/\/catolicanet.net\/wp-cnet\/wp-json\/wp\/v2\/types\/post"}],"author":[{"embeddable":true,"href":"https:\/\/catolicanet.net\/wp-cnet\/wp-json\/wp\/v2\/users\/1"}],"replies":[{"embeddable":true,"href":"https:\/\/catolicanet.net\/wp-cnet\/wp-json\/wp\/v2\/comments?post=1959"}],"version-history":[{"count":1,"href":"https:\/\/catolicanet.net\/wp-cnet\/wp-json\/wp\/v2\/posts\/1959\/revisions"}],"predecessor-version":[{"id":6985,"href":"https:\/\/catolicanet.net\/wp-cnet\/wp-json\/wp\/v2\/posts\/1959\/revisions\/6985"}],"wp:attachment":[{"href":"https:\/\/catolicanet.net\/wp-cnet\/wp-json\/wp\/v2\/media?parent=1959"}],"wp:term":[{"taxonomy":"category","embeddable":true,"href":"https:\/\/catolicanet.net\/wp-cnet\/wp-json\/wp\/v2\/categories?post=1959"},{"taxonomy":"post_tag","embeddable":true,"href":"https:\/\/catolicanet.net\/wp-cnet\/wp-json\/wp\/v2\/tags?post=1959"}],"curies":[{"name":"wp","href":"https:\/\/api.w.org\/{rel}","templated":true}]}}