{"id":1957,"date":"2012-08-01T18:35:49","date_gmt":"2012-08-01T21:35:49","guid":{"rendered":"http:\/\/catolicanet.net\/wp-cnet\/roma-coliseu-vai-passar-por-reforma\/"},"modified":"2017-03-21T13:50:38","modified_gmt":"2017-03-21T16:50:38","slug":"roma-coliseu-vai-passar-por-reforma","status":"publish","type":"post","link":"https:\/\/catolicanet.net\/wp-cnet\/roma-coliseu-vai-passar-por-reforma\/","title":{"rendered":"Roma: Coliseu vai passar por reforma"},"content":{"rendered":"<p style=\"text-align: justify;\"><img decoding=\"async\" src=\"http:\/\/catolicanet.com.br\/images\/stories\/roma1.jpg\" border=\"0\" align=\"left\" \/>O mais imponente monumento da Roma antiga estava precisando mesmo de uma reforma. Nesta ter\u00e7a-feira, o prefeito de Roma, Gianni Alemanno anunciou que as obras devem come\u00e7ar no in\u00edcio de dezembro e conclu\u00eddas em 2015. A superintendente do Coliseu, Maria Rosaria Barbera explicou que ser\u00e3o tr\u00eas as fases da recupera\u00e7\u00e3o do Coliseu: a primeira ser\u00e1 dedicada ao restauro das partes norte e sul e tambem \u00e0 substitui\u00e7\u00e3o das grades dos arcos perimetrais, no n\u00edvel do solo. A segunda fase prev\u00ea a constru\u00e7\u00e3o de um centro de servicos na pra\u00e7a em frente ao Coliseu. Uma terceira fase que ainda est\u00e1 sendo estudada seria aquela da reforma dos ambientes internos e a moderniza\u00e7\u00e3o da planta. Aos turistas, a superintend\u00eancia do Coliseu garantiu que o monumento n\u00e3o ser\u00e1 fechado ao p\u00fablico em nenhuma das fases de reforma, contudo poder\u00e3o haver limita\u00e7\u00f5es de acesso.<\/p>\n<p>Em tempos de crise na It\u00e1lia, a verba para a reforma vir\u00e1 da iniciativa privada, dois grupos bastante conhecidos no pa\u00eds j\u00e1 demonstraram interesse em participar da concorr\u00eancia para as obras. Fala-se em mais de 6 milh\u00f5es de euros somente para a primeira fase do projeto de recupera\u00e7\u00e3o do Coliseu. Entretanto, todas as etapas preveem licita\u00e7\u00f5es individuais.<\/p>\n<p>Al\u00e9m da central de servi\u00e7os que deve ser constru\u00edda, o Prefeito Alemanno tamb\u00e9m anunciou que at\u00e9 2015 a regi\u00e3o do Coliseu ser\u00e1 fechada ao tr\u00e2nsito de autom\u00f3veis. A decis\u00e3o vem justamente depois que uma proposicao popular foi apresentada pela ONG Legambiente para que n\u00e3o s\u00f3 a regi\u00e3o do Coliseu &#8211; mas toda a extens\u00e3o dos F\u00f3runs Imperiais &#8211; se tornasse \u00e1rea exclusiva para pedestres. O prefeito disse que a altera\u00e7\u00e3o n\u00e3o vai afetar o tr\u00e2nsito &#8211; que j\u00e1 \u00e9 bastante complicado na regi\u00e3o &#8211; mas afirmou que tudo vai depender da finaliza\u00e7\u00e3o dos trabalhos da linha C do metr\u00f4, prevista para 2018.<\/p>\n<p>A superintendente do Coliseu n\u00e3o confirmou a suposta inclina\u00e7\u00e3o de 40 cm no lado sul do anfiteatro. Ao contr\u00e1rio, disse que o monumento tem funda\u00e7\u00f5es de 13 metros e que cada movimenta\u00e7\u00e3o \u00e9 acompanhada diariamente. Contudo, Maria Rosario Barbera disse<br \/>que &#8220;se existe um desn\u00edvel, este estaria sendo monitorado&#8221;. O fato \u00e9 que nos \u00faltimos meses foram registradas quedas de peda\u00e7os do Coliseu. Pequenas partes do monumento se desprenderam das paredes externas. Isso corroborou a necessidade urgente de uma interven\u00e7\u00e3o de restauro no Coliseu que agora, finalmente, parece que vai acontecer.<\/p>\n","protected":false},"excerpt":{"rendered":"<p>O mais imponente monumento da Roma antiga estava precisando mesmo de uma reforma. Nesta ter\u00e7a-feira, o prefeito de Roma, Gianni Alemanno anunciou que as obras devem come\u00e7ar no in\u00edcio de dezembro e conclu\u00eddas em 2015. A superintendente do Coliseu, Maria Rosaria Barbera explicou que ser\u00e3o tr\u00eas as fases da recupera\u00e7\u00e3o do Coliseu: a primeira ser\u00e1 [&hellip;]<\/p>\n","protected":false},"author":1,"featured_media":0,"comment_status":"closed","ping_status":"closed","sticky":false,"template":"","format":"standard","meta":{"footnotes":""},"categories":[4],"tags":[],"class_list":["post-1957","post","type-post","status-publish","format-standard","hentry","category-cotidiano"],"_links":{"self":[{"href":"https:\/\/catolicanet.net\/wp-cnet\/wp-json\/wp\/v2\/posts\/1957","targetHints":{"allow":["GET"]}}],"collection":[{"href":"https:\/\/catolicanet.net\/wp-cnet\/wp-json\/wp\/v2\/posts"}],"about":[{"href":"https:\/\/catolicanet.net\/wp-cnet\/wp-json\/wp\/v2\/types\/post"}],"author":[{"embeddable":true,"href":"https:\/\/catolicanet.net\/wp-cnet\/wp-json\/wp\/v2\/users\/1"}],"replies":[{"embeddable":true,"href":"https:\/\/catolicanet.net\/wp-cnet\/wp-json\/wp\/v2\/comments?post=1957"}],"version-history":[{"count":1,"href":"https:\/\/catolicanet.net\/wp-cnet\/wp-json\/wp\/v2\/posts\/1957\/revisions"}],"predecessor-version":[{"id":6983,"href":"https:\/\/catolicanet.net\/wp-cnet\/wp-json\/wp\/v2\/posts\/1957\/revisions\/6983"}],"wp:attachment":[{"href":"https:\/\/catolicanet.net\/wp-cnet\/wp-json\/wp\/v2\/media?parent=1957"}],"wp:term":[{"taxonomy":"category","embeddable":true,"href":"https:\/\/catolicanet.net\/wp-cnet\/wp-json\/wp\/v2\/categories?post=1957"},{"taxonomy":"post_tag","embeddable":true,"href":"https:\/\/catolicanet.net\/wp-cnet\/wp-json\/wp\/v2\/tags?post=1957"}],"curies":[{"name":"wp","href":"https:\/\/api.w.org\/{rel}","templated":true}]}}