{"id":19563,"date":"2016-11-24T12:08:29","date_gmt":"2016-11-24T14:08:29","guid":{"rendered":"http:\/\/catolicanet.net\/wp-cnet\/2016\/11\/24\/papa-abandonar-a-alienacao-para-pensar-seriamente-na-nossa-morte\/"},"modified":"2017-06-02T13:18:01","modified_gmt":"2017-06-02T16:18:01","slug":"papa-abandonar-a-alienacao-para-pensar-seriamente-na-nossa-morte","status":"publish","type":"post","link":"https:\/\/catolicanet.net\/wp-cnet\/papa-abandonar-a-alienacao-para-pensar-seriamente-na-nossa-morte\/","title":{"rendered":"Papa: abandonar a aliena\u00e7\u00e3o para pensar seriamente na nossa morte"},"content":{"rendered":"<p style=\"text-align: justify;\"><img decoding=\"async\" src=\"http:\/\/www.catolicanet.com.br\/images\/stories\/noticias\/ossrom137877_articolo.jpg\" border=\"0\" align=\"left\" \/>Cidade do Vaticano (RV) &#8211; Evitar a aliena\u00e7\u00e3o do viver, isto \u00e9, como se jamais f\u00f4ssemos morrer: foi a advert\u00eancia feita pelo Papa Francisco na missa celebrada na manh\u00e3 de ter\u00e7a-feira (22\/11) na capela da Casa Santa Marta.<\/p>\n<p>O Papa interpretou a reflex\u00e3o com a qual a Igreja conduz a \u00faltima semana do Ano\u00a0 Lit\u00fargico como \u201cum chamado do Senhor para pensar seriamente no fim, no fim de cada um de n\u00f3s, porque cada um de n\u00f3s ter\u00e1 o seu fim\u201d<\/p>\n<p>Cada um de n\u00f3s ter\u00e1 seu fim: pensemos no rastro que deixaremos<\/p>\n<p>\u201cN\u00e3o gosta de pensar nessas coisas\u201d, observou, \u201cmas ali est\u00e1 a verdade\u201d. \u201cE quando um de n\u00f3s ter\u00e1 ido embora, passar\u00e3o anos e quase ningu\u00e9m se lembrar\u00e1\u201d. Eu tenho \u201cuma \u2018agenda\u201d, revela Francisco, \u201conde escrevo quando uma pessoa morre\u201d e todos os dias vejo aquela \u201crecorr\u00eancia\u201d e \u201ccomo o tempo passou\u201d. \u201cE isso nos obriga\u201d, \u201ca pensar no que deixaremos, qual \u00e9 o \u201crastro\u201d da nossa vida.\u00a0 E depois no final, como se l\u00ea no trecho de hoje do Apocalipse de Jo\u00e3o, haver\u00e1 o ju\u00edzo para cada um de n\u00f3s:<\/p>\n<p>\u201cE nos far\u00e1 bem pensar: \u201cMas como ser\u00e1 o dia em que eu estarei diante de Jesus? Quando Ele me perguntar\u00e1 sobre os talentos que me deu, que uso fiz deles; quando ele me perguntar\u00e1 como estava o meu cora\u00e7\u00e3o quando a semente caiu, como foi o caminho, os espinhos: essas Par\u00e1bolas do Reino de Deus. Como recebi a Palavra? Com cora\u00e7\u00e3o aberto? Eu a fiz germinar para o bem de todos ou a escondi?\u201d<\/p>\n<p>Todos seremos julgados: n\u00e3o se deixar enganar pelas coisas superficiais<\/p>\n<p>Cada um de n\u00f3s, portanto, estar\u00e1 diante de Jesus no dia do ju\u00edzo, ent\u00e3o \u2013 advertiu o Papa retomando as palavras do Evangelho de Lucas, \u201cn\u00e3o os deixe enganar\u201d. E a engana\u00e7\u00e3o de que fala \u00e9 \u201caliena\u00e7\u00e3o\u201d, \u201co estranhamento\u201d, a engana\u00e7\u00e3o das \u201ccoisas que s\u00e3o superficiais, que n\u00e3o t\u00eam transcend\u00eancia\u201d, de \u201cviver como se jamais f\u00f4ssemos morrer\u201d. \u201cQuando vir\u00e1 o Senhor\u201d, como me encontrar\u00e1? Esperando ou em meio a tantas aliena\u00e7\u00f5es da vida? <\/p>\n<p>\u201cEu me lembro quando era crian\u00e7a e fazia catecismo, nos ensinavam quatro coisas: morte, ju\u00edzo, inferno ou gl\u00f3ria. Depois do ju\u00edzo havia esta possibilidade. \u2018Mas padre, isto \u00e9 para nos assustar&#8230;\u2019 \u2013 \u2018N\u00e3o, \u00e9 a verdade! Porque se n\u00e3o cuidares do cora\u00e7\u00e3o para que o Senhor esteja contigo e vives afastado sempre do Senhor, talvez haja o perigo, o risco de continuar afastado da eternidade do Senhor\u2019. \u00c9 horr\u00edvel isso!\u201d.<\/p>\n<p>\u201cN\u00e3o teremos medo da morte se formos fi\u00e9is ao Senhor no momento de prestar contas. E concluindo, Francisco se inspira na leitura do Apocalipse de Jo\u00e3o; no conselho do Ap\u00f3stolo: \u2018Seja fiel at\u00e9 a morte \u2013 diz o Senhor \u2013 e te darei a coroa da vida\u2019\u201d.<\/p>\n<p>\u201cA fidelidade ao Senhor n\u00e3o desilude. Se cada um de n\u00f3s for fiel ao Senhor, quando a morte chegar, diremos como Francisco: \u2018vinde, irm\u00e3 morte\u2019&#8230; Ela n\u00e3o nos assustar\u00e1. E quando ser\u00e1 o dia do ju\u00edzo, diremos ao Senhor: \u2018Senhor, tenho tantos pecados, mas tentei ser fiel\u2019. E o Senhor \u00e9 bom. Este \u00e9 o conselho que lhes dou: \u2018Sejam fieis at\u00e9 a morte e lhes darei a coroa da vida\u2019. Com esta fidelidade n\u00e3o teremos medo no fim, n\u00e3o teremos medo no dia do ju\u00edzo\u201d.<\/p>\n<p style=\"text-align: justify;\">\u00a0<\/p>\n<p style=\"text-align: justify;\">Fonte: R\u00e1dio Vaticano<\/p>\n","protected":false},"excerpt":{"rendered":"<p>Cidade do Vaticano (RV) &#8211; Evitar a aliena\u00e7\u00e3o do viver, isto \u00e9, como se jamais f\u00f4ssemos morrer: foi a advert\u00eancia feita pelo Papa Francisco na missa celebrada na manh\u00e3 de ter\u00e7a-feira (22\/11) na capela da Casa Santa Marta. O Papa interpretou a reflex\u00e3o com a qual a Igreja conduz a \u00faltima semana do Ano\u00a0 Lit\u00fargico [&hellip;]<\/p>\n","protected":false},"author":1,"featured_media":19562,"comment_status":"open","ping_status":"open","sticky":false,"template":"","format":"standard","meta":{"footnotes":""},"categories":[3],"tags":[],"class_list":["post-19563","post","type-post","status-publish","format-standard","has-post-thumbnail","hentry","category-vaticano"],"_links":{"self":[{"href":"https:\/\/catolicanet.net\/wp-cnet\/wp-json\/wp\/v2\/posts\/19563","targetHints":{"allow":["GET"]}}],"collection":[{"href":"https:\/\/catolicanet.net\/wp-cnet\/wp-json\/wp\/v2\/posts"}],"about":[{"href":"https:\/\/catolicanet.net\/wp-cnet\/wp-json\/wp\/v2\/types\/post"}],"author":[{"embeddable":true,"href":"https:\/\/catolicanet.net\/wp-cnet\/wp-json\/wp\/v2\/users\/1"}],"replies":[{"embeddable":true,"href":"https:\/\/catolicanet.net\/wp-cnet\/wp-json\/wp\/v2\/comments?post=19563"}],"version-history":[{"count":1,"href":"https:\/\/catolicanet.net\/wp-cnet\/wp-json\/wp\/v2\/posts\/19563\/revisions"}],"predecessor-version":[{"id":27294,"href":"https:\/\/catolicanet.net\/wp-cnet\/wp-json\/wp\/v2\/posts\/19563\/revisions\/27294"}],"wp:featuredmedia":[{"embeddable":true,"href":"https:\/\/catolicanet.net\/wp-cnet\/wp-json\/wp\/v2\/media\/19562"}],"wp:attachment":[{"href":"https:\/\/catolicanet.net\/wp-cnet\/wp-json\/wp\/v2\/media?parent=19563"}],"wp:term":[{"taxonomy":"category","embeddable":true,"href":"https:\/\/catolicanet.net\/wp-cnet\/wp-json\/wp\/v2\/categories?post=19563"},{"taxonomy":"post_tag","embeddable":true,"href":"https:\/\/catolicanet.net\/wp-cnet\/wp-json\/wp\/v2\/tags?post=19563"}],"curies":[{"name":"wp","href":"https:\/\/api.w.org\/{rel}","templated":true}]}}