{"id":1956,"date":"2012-07-25T13:36:29","date_gmt":"2012-07-25T16:36:29","guid":{"rendered":"http:\/\/catolicanet.net\/wp-cnet\/40-dias-de-esperanca\/"},"modified":"2017-03-21T13:50:14","modified_gmt":"2017-03-21T16:50:14","slug":"40-dias-de-esperanca","status":"publish","type":"post","link":"https:\/\/catolicanet.net\/wp-cnet\/40-dias-de-esperanca\/","title":{"rendered":"40 dias de esperan\u00e7a!"},"content":{"rendered":"<p style=\"text-align: justify;\">\n<p><strong>Reflex\u00f5es de padre Hewaldo Trevisan<\/strong><\/p>\n<p>Existe uma cita\u00e7\u00e3o de autor desconhecido que diz: \u0093Uma pessoa pode viver 40 dias sem comer, 3 dias sem beber \u00e1gua, 5 minutos sem respirar, mas nem 1 segundo sem esperan\u00e7a\u0094.<\/p>\n<p><img decoding=\"async\" src=\"http:\/\/catolicanet.com.br\/images\/stories\/capadolivro40diasdeesperanca.jpg\" border=\"0\" align=\"left\" \/>Hewaldo Trevisan \u00e9 sacerdote diocesano e fundador do Instituto Amigos da F\u00e9, cantor, compositor e tem feito da m\u00fasica seu grande instrumento de evangeliza\u00e7\u00e3o. J\u00e1 teve em seus CDs a participa\u00e7\u00e3o de Edson e Hudson, Frank Aguiar, Rick e Renner, Bruno e Marrone, Jair Rodrigues, entre outros. Com repert\u00f3rio emocionante, tem levado ao Brasil a mensagem de paz e esperan\u00e7a. \u00c9 o idealizador do projeto \u0093Paix\u00e3o de Cristo\u0094, no Aut\u00f3dromo de Interlagos, que \u00e9 assumido pela Prefeitura de S\u00e3o Paulo, no calend\u00e1rio oficial da cidade, e conta com a participa\u00e7\u00e3o de nomes globais como Alexandre Borges, Patricia Naves, Luigi Baricelli, Elba Ramalho e Oscar Magrini.<br \/>Para dar continuidade a esse trabalho de evangeliza\u00e7\u00e3o, o sacerdote, que se define como um \u0093instrumento\u0094 nas m\u00e3os do Senhor: \u0093quanto mais afinado com a vontade de Deus, mais afinado com seu minist\u00e9rio e sua arte\u0094, lan\u00e7a o livro 40 dias de esperan\u00e7a, por Edi\u00e7\u00f5es Loyola.<br \/>Nesta obra, o autor analisa temas presentes no cotidiano das pessoas, de modo t\u00e3o abrangente, que conduz o leitor a permitir que Deus assuma o controle das circunst\u00e2ncias, que seja renovado e ganhe energia para lidar com os desafios da vida. \u0093Porque a esperan\u00e7a nos motiva a prosseguir\u0094, diz o padre. A esperan\u00e7a d\u00e1 for\u00e7as, levanta e nos leva aos lugares nos quais Deus deseja que estejamos.<br \/>Trata-se de um livro pr\u00e1tico e que permite a leitura aleat\u00f3ria dos textos, os quais apresentam linguagem simples, em que o leitor pode se beneficiar com temas como: Seja sempre positivo; A alegria de amar, de viver; Maria do \u0093Sim\u0094; O seu corpo \u00e9 um dom de Deus; A cada dia basta sua preocupa\u00e7\u00e3o; Nas trevas, acenda uma luz!; Todos somos aprendizes; e tantos outros assuntos, que podem ajudar a ter uma vida em abund\u00e2ncia.<br \/>Foi a pedido de muitos ouvintes fi\u00e9is dos programas de r\u00e1dio que Pe. Hewaldo apresenta, os quais relatam extraordin\u00e1rios testemunhos de cura e liberta\u00e7\u00e3o depois de ouvirem as palavras de esperan\u00e7a, que nasceu 40 dias de esperan\u00e7a. \u0093Senti-me na obriga\u00e7\u00e3o de fazer um registro desses programas. Confesso que foi dif\u00edcil selecionar, mas gostaria que fossem 40, pois este n\u00famero b\u00edblico tem tudo a ver com convers\u00e3o, com mudan\u00e7as, com oportunidades.\u0094<\/p>\n<p>A B\u00edblia deixa claro que o per\u00edodo de 40 dias \u00e9 espiritualmente relevante. Sempre que Deus quis preparar algu\u00e9m para seus prop\u00f3sitos, utilizou 40 dias: a vida de No\u00e9 foi transformada por 40 dias de chuva; a vida de Mois\u00e9s foi transformada por 40 dias no monte Sinai; Jesus foi fortalecido por 40 dias no deserto; os disc\u00edpulos foram transformados por 40 dias ao lado de Jesus, ap\u00f3s sua ressurrei\u00e7\u00e3o; e muitas outras passagens. Salienta o autor que \u0093atrav\u00e9s da leitura deste livro, os pr\u00f3ximos 40 dias poder\u00e3o transformar sua vida. Foi baseado, portanto, nesta espiritualidade que selecionei 40 programas de r\u00e1dio, que possuem o nome de Palavras de esperan\u00e7a, para convidar voc\u00ea a fazer uma leitura orante durante 40 dias. Quero apenas estar a servi\u00e7o mais uma vez da Igreja, portadora desta Palavra, e usar um talento que o Senhor me deu, de ter a facilidade de falar aos cora\u00e7\u00f5es. Se mudarmos e alterarmos um pouco nossas atitudes para o bem e para a paz, j\u00e1 ter\u00e1 valido a pena minha dedica\u00e7\u00e3o e minha resposta positiva ao Senhor como comunicador\u0094, finaliza Pe. Hewaldo Trevisan.<\/p>\n<p>Sobre o autor:<br \/>PE. HEWALDO TREVISAN, nascido em Campo Limpo Paulista (SP), \u00e9 sacerdote diocesano h\u00e1 vinte anos e fundador do Instituto Amigos da F\u00e9, entidade que cuida de crian\u00e7as soropositivas. \u00c9 formado em Teologia e Filosofia pela Pontif\u00edcia Universidade Cat\u00f3lica de Minas Gerais, com especializa\u00e7\u00e3o em Teologia B\u00edblica, e em M\u00fasica pelo Conservat\u00f3rio Estadual Cora Pavan Caparelli, de Uberl\u00e2ndia (MG). Em 2002, recebeu o t\u00edtulo de cidad\u00e3o paulistano, da C\u00e2mara Municipal de S\u00e3o Paulo, e tamb\u00e9m foi agraciado com o t\u00edtulo de Comendador pela Sociedade Her\u00e1ldica do Brasil. Tem cinco CDs gravados e faz da m\u00fasica seu grande instrumento de evangeliza\u00e7\u00e3o.<\/p>\n<p>Servi\u00e7o:<br \/>T\u00edtulo: 40 dias de esperan\u00e7a<br \/>Autor: Pe. Hewaldo Trevisan<br \/>Formato: 14 x 21 cm<br \/>P\u00e1ginas: 112<br \/>Pre\u00e7o: R$\u00a0\u00a0 19,00<\/p>\n","protected":false},"excerpt":{"rendered":"<p>Reflex\u00f5es de padre Hewaldo Trevisan Existe uma cita\u00e7\u00e3o de autor desconhecido que diz: \u0093Uma pessoa pode viver 40 dias sem comer, 3 dias sem beber \u00e1gua, 5 minutos sem respirar, mas nem 1 segundo sem esperan\u00e7a\u0094. Hewaldo Trevisan \u00e9 sacerdote diocesano e fundador do Instituto Amigos da F\u00e9, cantor, compositor e tem feito da m\u00fasica [&hellip;]<\/p>\n","protected":false},"author":1,"featured_media":0,"comment_status":"closed","ping_status":"closed","sticky":false,"template":"","format":"standard","meta":{"footnotes":""},"categories":[4],"tags":[],"class_list":["post-1956","post","type-post","status-publish","format-standard","hentry","category-cotidiano"],"_links":{"self":[{"href":"https:\/\/catolicanet.net\/wp-cnet\/wp-json\/wp\/v2\/posts\/1956","targetHints":{"allow":["GET"]}}],"collection":[{"href":"https:\/\/catolicanet.net\/wp-cnet\/wp-json\/wp\/v2\/posts"}],"about":[{"href":"https:\/\/catolicanet.net\/wp-cnet\/wp-json\/wp\/v2\/types\/post"}],"author":[{"embeddable":true,"href":"https:\/\/catolicanet.net\/wp-cnet\/wp-json\/wp\/v2\/users\/1"}],"replies":[{"embeddable":true,"href":"https:\/\/catolicanet.net\/wp-cnet\/wp-json\/wp\/v2\/comments?post=1956"}],"version-history":[{"count":1,"href":"https:\/\/catolicanet.net\/wp-cnet\/wp-json\/wp\/v2\/posts\/1956\/revisions"}],"predecessor-version":[{"id":6982,"href":"https:\/\/catolicanet.net\/wp-cnet\/wp-json\/wp\/v2\/posts\/1956\/revisions\/6982"}],"wp:attachment":[{"href":"https:\/\/catolicanet.net\/wp-cnet\/wp-json\/wp\/v2\/media?parent=1956"}],"wp:term":[{"taxonomy":"category","embeddable":true,"href":"https:\/\/catolicanet.net\/wp-cnet\/wp-json\/wp\/v2\/categories?post=1956"},{"taxonomy":"post_tag","embeddable":true,"href":"https:\/\/catolicanet.net\/wp-cnet\/wp-json\/wp\/v2\/tags?post=1956"}],"curies":[{"name":"wp","href":"https:\/\/api.w.org\/{rel}","templated":true}]}}