{"id":19555,"date":"2016-11-23T16:39:19","date_gmt":"2016-11-23T18:39:19","guid":{"rendered":"http:\/\/catolicanet.net\/wp-cnet\/2016\/11\/23\/fatima-santuario-inicia-ano-jubilar-do-centenario-das-aparicoes-de-fatima\/"},"modified":"2017-05-30T16:25:49","modified_gmt":"2017-05-30T19:25:49","slug":"fatima-santuario-inicia-ano-jubilar-do-centenario-das-aparicoes-de-fatima","status":"publish","type":"post","link":"https:\/\/catolicanet.net\/wp-cnet\/fatima-santuario-inicia-ano-jubilar-do-centenario-das-aparicoes-de-fatima\/","title":{"rendered":"F\u00e1tima: Santu\u00e1rio inicia Ano Jubilar do Centen\u00e1rio das Apari\u00e7\u00f5es de F\u00e1tima"},"content":{"rendered":"<p style=\"text-align: justify;\"><img decoding=\"async\" src=\"http:\/\/www.catolicanet.com.br\/images\/stories\/noticias\/15110428.jpg\" border=\"0\" align=\"left\" \/>Celebra\u00e7\u00f5es ser\u00e3o presididas pelo bispo de Leiria-F\u00e1tima, D. Ant\u00f4nio Marto, este domingo<\/p>\n<p>F\u00e1tima, 23 nov 2016 (Ecclesia) &#8211; O Santu\u00e1rio de F\u00e1tima vai iniciar este domingo o Ano Jubilar do Centen\u00e1rio das Apari\u00e7\u00f5es, com a passagem do p\u00f3rtico jubilar, no alto do Recinto de Ora\u00e7\u00e3o, e a celebra\u00e7\u00e3o da Missa na Bas\u00edlica da Sant\u00edssima Trindade.<\/p>\n<p>As celebra\u00e7\u00f5es v\u00e3o ser presididas pelo bispo da diocese de Leiria-F\u00e1tima, D. Ant\u00f4nio Marto.<\/p>\n<p>\u201cOs peregrinos s\u00e3o convidados a participar na ora\u00e7\u00e3o do Ros\u00e1rio, \u00e0s 10h00, na Capelinha das Apari\u00e7\u00f5es, seguindo depois em prociss\u00e3o, com a imagem de Nossa Senhora do Ros\u00e1rio de F\u00e1tima at\u00e9 \u00e0 Bas\u00edlica, com uma passagem pelo p\u00f3rtico jubilar, o que marcar\u00e1 o in\u00edcio de uma ritualidade pr\u00f3pria sugerida no itiner\u00e1rio do peregrino durante o Ano Jubilar do Centen\u00e1rio das Apari\u00e7\u00f5es, na Cova da Iria\u201d, refere uma nota enviada hoje \u00e0 Ag\u00eancia ECCLESIA pela sala de imprensa do Santu\u00e1rio.<\/p>\n<p>A cria\u00e7\u00e3o deste P\u00f3rtico Jubilar resulta da inten\u00e7\u00e3o de dotar o Santu\u00e1rio de \u201cum elemento visual\u201d que possa celebrar os 100 anos de F\u00e1tima, evocando simultaneamente \u201ca mem\u00f3ria do arco que, em 1917, assinalou o lugar das apari\u00e7\u00f5es, e sob o qual foram fotografados Francisco Jacinta e L\u00facia\u201d.<\/p>\n<p>Por outro lado, o novo p\u00f3rtico simboliza a ideia de uma `porta santa\u00b4, acrescenta a nota do Santu\u00e1rio de F\u00e1tima, \u201cuma vez que a sua estrutura se desenha em torno do conceito de marco que assinala um lugar sagrado e a sua configura\u00e7\u00e3o \u00e9 a de uma porta encimada por uma cruz\u201d.<\/p>\n<p>No local v\u00e3o estar dispositivos que colocar\u00e3o \u00e0 disposi\u00e7\u00e3o dos peregrinos, em sete l\u00ednguas, o itiner\u00e1rio jubilar, que passa por diversos lugares e prop\u00f5e v\u00e1rios tipos de ora\u00e7\u00e3o.<\/p>\n<p>A jornada de abertura do Ano Jubilar come\u00e7a no s\u00e1bado, \u00e0s 14h30, com a abertura da exposi\u00e7\u00e3o \u2018As cores do Sol: a luz de F\u00e1tima no mundo contempor\u00e2neo. Exposi\u00e7\u00e3o evocativa da apari\u00e7\u00e3o de outubro de 1917\u2019, no \u2018Convivium\u2019 de Santo Agostinho, no piso inferior da Bas\u00edlica da Sant\u00edssima Trindade.<\/p>\n<p>Segue-se, j\u00e1 no sal\u00e3o do Bom Pastor, no Centro Pastoral de Paulo VI, a apresenta\u00e7\u00e3o do tema do ano por D. Ant\u00f4nio Couto, bispo da Diocese de Lamego, a partir do Salmo 125 \u2018O Senhor fez maravilhas\u2019.<\/p>\n<p>Intervir\u00e3o nesta sess\u00e3o o reitor do Santu\u00e1rio de F\u00e1tima, padre Carlos Cabecinhas, na abertura e o bispo da diocese de Leiria-F\u00e1tima, D. Ant\u00f4nio Marto, no encerramento; haver\u00e1 ainda um apontamento musical e o lan\u00e7amento da medalha comemorativa do Centen\u00e1rio.<\/p>\n<p style=\"text-align: justify;\">\u00a0<\/p>\n<p style=\"text-align: justify;\">Fonte: Ag\u00eancia Ecclesia<\/p>\n","protected":false},"excerpt":{"rendered":"<p>Celebra\u00e7\u00f5es ser\u00e3o presididas pelo bispo de Leiria-F\u00e1tima, D. Ant\u00f4nio Marto, este domingo F\u00e1tima, 23 nov 2016 (Ecclesia) &#8211; O Santu\u00e1rio de F\u00e1tima vai iniciar este domingo o Ano Jubilar do Centen\u00e1rio das Apari\u00e7\u00f5es, com a passagem do p\u00f3rtico jubilar, no alto do Recinto de Ora\u00e7\u00e3o, e a celebra\u00e7\u00e3o da Missa na Bas\u00edlica da Sant\u00edssima Trindade. [&hellip;]<\/p>\n","protected":false},"author":1,"featured_media":19554,"comment_status":"open","ping_status":"open","sticky":false,"template":"","format":"standard","meta":{"footnotes":""},"categories":[4],"tags":[],"class_list":["post-19555","post","type-post","status-publish","format-standard","has-post-thumbnail","hentry","category-cotidiano"],"_links":{"self":[{"href":"https:\/\/catolicanet.net\/wp-cnet\/wp-json\/wp\/v2\/posts\/19555","targetHints":{"allow":["GET"]}}],"collection":[{"href":"https:\/\/catolicanet.net\/wp-cnet\/wp-json\/wp\/v2\/posts"}],"about":[{"href":"https:\/\/catolicanet.net\/wp-cnet\/wp-json\/wp\/v2\/types\/post"}],"author":[{"embeddable":true,"href":"https:\/\/catolicanet.net\/wp-cnet\/wp-json\/wp\/v2\/users\/1"}],"replies":[{"embeddable":true,"href":"https:\/\/catolicanet.net\/wp-cnet\/wp-json\/wp\/v2\/comments?post=19555"}],"version-history":[{"count":1,"href":"https:\/\/catolicanet.net\/wp-cnet\/wp-json\/wp\/v2\/posts\/19555\/revisions"}],"predecessor-version":[{"id":24905,"href":"https:\/\/catolicanet.net\/wp-cnet\/wp-json\/wp\/v2\/posts\/19555\/revisions\/24905"}],"wp:featuredmedia":[{"embeddable":true,"href":"https:\/\/catolicanet.net\/wp-cnet\/wp-json\/wp\/v2\/media\/19554"}],"wp:attachment":[{"href":"https:\/\/catolicanet.net\/wp-cnet\/wp-json\/wp\/v2\/media?parent=19555"}],"wp:term":[{"taxonomy":"category","embeddable":true,"href":"https:\/\/catolicanet.net\/wp-cnet\/wp-json\/wp\/v2\/categories?post=19555"},{"taxonomy":"post_tag","embeddable":true,"href":"https:\/\/catolicanet.net\/wp-cnet\/wp-json\/wp\/v2\/tags?post=19555"}],"curies":[{"name":"wp","href":"https:\/\/api.w.org\/{rel}","templated":true}]}}