{"id":19553,"date":"2016-11-23T15:53:04","date_gmt":"2016-11-23T17:53:04","guid":{"rendered":"http:\/\/catolicanet.net\/wp-cnet\/2016\/11\/23\/siria-religiosa-argentina-responsabiliza-ocidente-por-lperseguicaor-de-cristaos-na-siria\/"},"modified":"2017-05-30T16:25:49","modified_gmt":"2017-05-30T19:25:49","slug":"siria-religiosa-argentina-responsabiliza-ocidente-por-lperseguicaor-de-cristaos-na-siria","status":"publish","type":"post","link":"https:\/\/catolicanet.net\/wp-cnet\/siria-religiosa-argentina-responsabiliza-ocidente-por-lperseguicaor-de-cristaos-na-siria\/","title":{"rendered":"S\u00edria: Religiosa argentina responsabiliza Ocidente por \u00abpersegui\u00e7\u00e3o\u00bb de crist\u00e3os na S\u00edria"},"content":{"rendered":"<p style=\"text-align: justify;\"><img decoding=\"async\" src=\"http:\/\/www.catolicanet.com.br\/images\/stories\/noticias\/irmaguadalupe.jpg\" border=\"0\" align=\"left\" \/>Irm\u00e3 Guadalupe recorda miss\u00e3o na cidade de Alepo, num cen\u00e1rio de morte<\/p>\n<p>Lisboa, 23 nov 2016 (Ecclesia) &#8211; A irm\u00e3 Guadalupe, religiosa argentina da Congrega\u00e7\u00e3o do Verbo Encarnado, que esteve em miss\u00e3o na cidade s\u00edria de Alepo, denunciou \u00e0 Ag\u00eancia ECCLESIA a \u201cpersegui\u00e7\u00e3o\u201d contra os crist\u00e3os num cen\u00e1rio quotidiano de morte.<\/p>\n<p>\u201cNa S\u00edria \u00e9-se crist\u00e3o minuto a minuto e isso significa estar disposto ao mart\u00edrio minuto a minuto. N\u00e3o \u00e9 uma quest\u00e3o de momentos. Existe a possibilidade de renunciar \u00e0 f\u00e9 para evitar a morte, t\u00eam essa possibilidade mas n\u00e3o a aceitam de maneira nenhuma\u201d, refere a mission\u00e1ria, que se encontra em Portugal a convite da funda\u00e7\u00e3o pontif\u00edcia Ajuda \u00e0 Igreja que Sofre (AIS).<\/p>\n<p>A religiosa recorda que antes da guerra civil, iniciada em 2011, havia uma \u201cconviv\u00eancia muito boa\u201d entre crist\u00e3os e mu\u00e7ulmanos, realidade que hoje se transformou num cen\u00e1rio de \u201cpersegui\u00e7\u00e3o\u201d, com culpas da comunidade internacional.<\/p>\n<p>\u201cEsse Ocidente que prega a liberdade, os direitos humanos, a democracia, financia o terrorismo por interesses econ\u00f3micos e por isso esta persegui\u00e7\u00e3o, esta guerra persiste, prossegue h\u00e1 anos\u201d, denuncia.<\/p>\n<p>A irm\u00e3 Guadalupe foi enviada para a S\u00edria em janeiro de 2011, poucos meses antes do in\u00edcio da guerra, e recorda \u201csitua\u00e7\u00f5es tr\u00e1gicas\u201d.<\/p>\n<p>\u201cVi passar a morte muito perto, muitas vezes. Mas talvez o momento mais forte tenha sido quando um m\u00edssil terra-terra caiu apenas a 50 metros da minha miss\u00e3o, do episcopado\u201d, relata.<\/p>\n<p>A explos\u00e3o fez mais de 400 mortos, mas as pessoas reagiram e o n\u00famero de participantes na Missa, por exemplo, \u201cduplicou\u201d.<\/p>\n<p>\u201cH\u00e1 mortes todos os dias, vivemos a guerra em plena cidade h\u00e1 j\u00e1 mais de cinco anos, nas nossas casas. Os grupos rebeldes, que s\u00e3o grupos terroristas, atacam n\u00e3o s\u00f3 o ex\u00e9rcito nacional mas tamb\u00e9m os civis e sobretudo os bairros crist\u00e3os\u201d, refere a religiosa.<\/p>\n<p>A religiosa da Congrega\u00e7\u00e3o do Verbo Encarnado entende que os crist\u00e3os do M\u00e9dio Oriente ensinam a viver a liberdade religiosa, porque \u201cmesmo no meio da persegui\u00e7\u00e3o eles s\u00e3o livres e continuam a manifestar a sua f\u00e9, n\u00e3o se amedrontam, n\u00e3o se escondem\u201d.<\/p>\n<p>Nesse sentido, d\u00e1 como exemplo os coptas do Egito, que \u201ctatuam a cruz na sua pele e o fazem como uma tradi\u00e7\u00e3o, um rito, n\u00e3o como uma moda\u201d.<\/p>\n<p>Em Portugal at\u00e9 quinta-feira, a irm\u00e3 Guadalupe convida os crist\u00e3os portugueses a ajudar os do M\u00e9dio Oriente, uma a\u00e7\u00e3o que passa tamb\u00e9m por \u201cdenunciar e dar a conhecer tudo o que de facto est\u00e1 a acontecer\u201d, combatendo \u201ca desinforma\u00e7\u00e3o, a manipula\u00e7\u00e3o da informa\u00e7\u00e3o\u201d.<\/p>\n<p>A entrevista da religiosa vai ser publicada esta sexta-feira, no Seman\u00e1rio ECCLESIA, e integra a pr\u00f3xima emiss\u00e3o do Programa \u201870&#215;7\u2019, este domingo, na RTP2.<\/p>\n<p style=\"text-align: justify;\">\n<p>Fonte: Ag\u00eancia Ecclesia<\/p>\n","protected":false},"excerpt":{"rendered":"<p>Irm\u00e3 Guadalupe recorda miss\u00e3o na cidade de Alepo, num cen\u00e1rio de morte Lisboa, 23 nov 2016 (Ecclesia) &#8211; A irm\u00e3 Guadalupe, religiosa argentina da Congrega\u00e7\u00e3o do Verbo Encarnado, que esteve em miss\u00e3o na cidade s\u00edria de Alepo, denunciou \u00e0 Ag\u00eancia ECCLESIA a \u201cpersegui\u00e7\u00e3o\u201d contra os crist\u00e3os num cen\u00e1rio quotidiano de morte. \u201cNa S\u00edria \u00e9-se crist\u00e3o [&hellip;]<\/p>\n","protected":false},"author":1,"featured_media":19552,"comment_status":"open","ping_status":"open","sticky":false,"template":"","format":"standard","meta":{"footnotes":""},"categories":[4],"tags":[],"class_list":["post-19553","post","type-post","status-publish","format-standard","has-post-thumbnail","hentry","category-cotidiano"],"_links":{"self":[{"href":"https:\/\/catolicanet.net\/wp-cnet\/wp-json\/wp\/v2\/posts\/19553","targetHints":{"allow":["GET"]}}],"collection":[{"href":"https:\/\/catolicanet.net\/wp-cnet\/wp-json\/wp\/v2\/posts"}],"about":[{"href":"https:\/\/catolicanet.net\/wp-cnet\/wp-json\/wp\/v2\/types\/post"}],"author":[{"embeddable":true,"href":"https:\/\/catolicanet.net\/wp-cnet\/wp-json\/wp\/v2\/users\/1"}],"replies":[{"embeddable":true,"href":"https:\/\/catolicanet.net\/wp-cnet\/wp-json\/wp\/v2\/comments?post=19553"}],"version-history":[{"count":1,"href":"https:\/\/catolicanet.net\/wp-cnet\/wp-json\/wp\/v2\/posts\/19553\/revisions"}],"predecessor-version":[{"id":24906,"href":"https:\/\/catolicanet.net\/wp-cnet\/wp-json\/wp\/v2\/posts\/19553\/revisions\/24906"}],"wp:featuredmedia":[{"embeddable":true,"href":"https:\/\/catolicanet.net\/wp-cnet\/wp-json\/wp\/v2\/media\/19552"}],"wp:attachment":[{"href":"https:\/\/catolicanet.net\/wp-cnet\/wp-json\/wp\/v2\/media?parent=19553"}],"wp:term":[{"taxonomy":"category","embeddable":true,"href":"https:\/\/catolicanet.net\/wp-cnet\/wp-json\/wp\/v2\/categories?post=19553"},{"taxonomy":"post_tag","embeddable":true,"href":"https:\/\/catolicanet.net\/wp-cnet\/wp-json\/wp\/v2\/tags?post=19553"}],"curies":[{"name":"wp","href":"https:\/\/api.w.org\/{rel}","templated":true}]}}