{"id":1955,"date":"2012-07-25T13:33:10","date_gmt":"2012-07-25T16:33:10","guid":{"rendered":"http:\/\/catolicanet.net\/wp-cnet\/diocese-de-santarem-prepara-mais-uma-edicao-do-projeto-experiencia-missionaria\/"},"modified":"2017-03-21T13:49:41","modified_gmt":"2017-03-21T16:49:41","slug":"diocese-de-santarem-prepara-mais-uma-edicao-do-projeto-experiencia-missionaria","status":"publish","type":"post","link":"https:\/\/catolicanet.net\/wp-cnet\/diocese-de-santarem-prepara-mais-uma-edicao-do-projeto-experiencia-missionaria\/","title":{"rendered":"Diocese de Santar\u00e9m prepara mais uma edi\u00e7\u00e3o do projeto \u0093Experi\u00eancia Mission\u00e1ria\u0094"},"content":{"rendered":"<p style=\"text-align: justify;\"><img decoding=\"async\" src=\"http:\/\/catolicanet.com.br\/images\/stories\/expmissionaria2012.jpg\" border=\"0\" align=\"left\" \/>Durante 40 dias a Par\u00f3quia Santo Ant\u00f4nio de P\u00e1dua, em Belterra (PA) vai receber os participantes da VI Experi\u00eancia Mission\u00e1ria, projeto da Diocese de Santar\u00e9m (PA) que acolhe seminaristas, religiosos e presb\u00edteros de todo o pa\u00eds que desejam conhecer o trabalho da Igreja na Amaz\u00f4nia. \u0093Quem participa tem a oportunidade de vivenciar na pr\u00e1tica o que aprende na teoria, e amadurece sua consci\u00eancia mission\u00e1ria\u0094, explica padre Alaelson Sousa de Lima, coordenador do projeto.<\/p>\n<p>A experi\u00eancia \u00e9 fruto de uma preocupa\u00e7\u00e3o com a forma\u00e7\u00e3o mission\u00e1ria dos futuros presb\u00edteros e est\u00e1 marcada para o per\u00edodo de 15 de dezembro de 2012 a 23 de janeiro de 2013. Durante este tempo, antes do trabalho com as comunidades urbanas e rurais, h\u00e1 um per\u00edodo de forma\u00e7\u00e3o e retiro para os mission\u00e1rios.<\/p>\n<p>\u0093Para participar os seminaristas precisam ser enviados pelo bispo ou pelo reitor do semin\u00e1rio, que assumir\u00e1 as passagens at\u00e9 o aeroporto de Santar\u00e9m. A partir da\u00ed, as despesas e transportes s\u00e3o assumidos pela Diocese de Santar\u00e9m\u0094, explica Alaelson.<\/p>\n<p>Tamb\u00e9m podem participar padres, religiosos e religiosas, e tamb\u00e9m s\u00e3o bem vindas contribui\u00e7\u00f5es financeiras para o projeto. Mas para o padre Alaelson, \u0093a maior ajuda mesmo \u00e9 a vinda de mission\u00e1rios\u0094. Quem desejar conhecer as experi\u00eancias anteriores do projeto, basta acessar o blog clicando aqui. Ou para obter informa\u00e7\u00f5es de como participar, entrar em contato a seguir:<\/p>\n<p>Semin\u00e1rio S\u00e3o Pio X \u0096 Diocese de Santar\u00e9m (PA)<br \/>piox@seminariosaopiox.com.br<br \/>(93) 3524-3468 \/\/ 9183-5306<\/p>\n","protected":false},"excerpt":{"rendered":"<p>Durante 40 dias a Par\u00f3quia Santo Ant\u00f4nio de P\u00e1dua, em Belterra (PA) vai receber os participantes da VI Experi\u00eancia Mission\u00e1ria, projeto da Diocese de Santar\u00e9m (PA) que acolhe seminaristas, religiosos e presb\u00edteros de todo o pa\u00eds que desejam conhecer o trabalho da Igreja na Amaz\u00f4nia. \u0093Quem participa tem a oportunidade de vivenciar na pr\u00e1tica o [&hellip;]<\/p>\n","protected":false},"author":1,"featured_media":0,"comment_status":"closed","ping_status":"closed","sticky":false,"template":"","format":"standard","meta":{"footnotes":""},"categories":[7],"tags":[],"class_list":["post-1955","post","type-post","status-publish","format-standard","hentry","category-cnbb"],"_links":{"self":[{"href":"https:\/\/catolicanet.net\/wp-cnet\/wp-json\/wp\/v2\/posts\/1955","targetHints":{"allow":["GET"]}}],"collection":[{"href":"https:\/\/catolicanet.net\/wp-cnet\/wp-json\/wp\/v2\/posts"}],"about":[{"href":"https:\/\/catolicanet.net\/wp-cnet\/wp-json\/wp\/v2\/types\/post"}],"author":[{"embeddable":true,"href":"https:\/\/catolicanet.net\/wp-cnet\/wp-json\/wp\/v2\/users\/1"}],"replies":[{"embeddable":true,"href":"https:\/\/catolicanet.net\/wp-cnet\/wp-json\/wp\/v2\/comments?post=1955"}],"version-history":[{"count":1,"href":"https:\/\/catolicanet.net\/wp-cnet\/wp-json\/wp\/v2\/posts\/1955\/revisions"}],"predecessor-version":[{"id":6981,"href":"https:\/\/catolicanet.net\/wp-cnet\/wp-json\/wp\/v2\/posts\/1955\/revisions\/6981"}],"wp:attachment":[{"href":"https:\/\/catolicanet.net\/wp-cnet\/wp-json\/wp\/v2\/media?parent=1955"}],"wp:term":[{"taxonomy":"category","embeddable":true,"href":"https:\/\/catolicanet.net\/wp-cnet\/wp-json\/wp\/v2\/categories?post=1955"},{"taxonomy":"post_tag","embeddable":true,"href":"https:\/\/catolicanet.net\/wp-cnet\/wp-json\/wp\/v2\/tags?post=1955"}],"curies":[{"name":"wp","href":"https:\/\/api.w.org\/{rel}","templated":true}]}}