{"id":19541,"date":"2016-11-23T13:48:32","date_gmt":"2016-11-23T15:48:32","guid":{"rendered":"http:\/\/catolicanet.net\/wp-cnet\/2016\/11\/23\/dia-do-musico-aplicativo-louvemos-o-senhor-com-desconto\/"},"modified":"2017-05-30T16:25:50","modified_gmt":"2017-05-30T19:25:50","slug":"dia-do-musico-aplicativo-louvemos-o-senhor-com-desconto","status":"publish","type":"post","link":"https:\/\/catolicanet.net\/wp-cnet\/dia-do-musico-aplicativo-louvemos-o-senhor-com-desconto\/","title":{"rendered":"Dia do m\u00fasico: Aplicativo Louvemos o Senhor com desconto"},"content":{"rendered":"<p style=\"text-align: justify;\"><img decoding=\"async\" src=\"http:\/\/www.catolicanet.com.br\/images\/stories\/noticias\/aplicativo louv.jpg\" border=\"0\" align=\"left\" \/>Um presente para todos os m\u00fasicos cat\u00f3licos! 25% de desconto na aquisi\u00e7\u00e3o da licen\u00e7a do mais completo e baixado APP para m\u00fasicos<\/p>\n<p>Essa ter\u00e7a-feira, dia 22, \u00e9 o dia de Santa Cec\u00edlia e tamb\u00e9m dia do m\u00fasico. Pensando nesses artistas que evangelizam com o Dom de cantar, a EAD S\u00e9culo 21 quer dar um presente para todos os m\u00fasicos:<br \/>&#8211; desconto de 25% na aquisi\u00e7\u00e3o da licen\u00e7a para o Aplicativo Louvemos o Senhor.<\/p>\n<p>Voc\u00ea conhece o aplicativo Louvemos o Senhor?<br \/>\u00c9 o aplicativo mais completo e por isso o mais baixado pelos m\u00fasicos cat\u00f3licos. Possui mais de 2 mil m\u00fasicas cifradas; altera\u00e7\u00e3o autom\u00e1tica de tons; al\u00e9m da facilidade de poder criar listas personalizadas de m\u00fasicas. <br \/>O aplicativo Louvemos o Senhor facilita a vida dos m\u00fasicos cat\u00f3licos! Por isso, alguns artistas j\u00e1 deixaram seus depoimentos sobre o aplicativo, entre eles: Pe. Jo\u00e3ozinho, Diego Fernandes, Maria do Ros\u00e1rio, Laercio Oliveira, Fred Pacheco, Juninho Cassimiro, Pe. Nilso Motta, Silvana Santos, Tchel\u00e3o e muitos outros minist\u00e9rios de m\u00fasica que atuam em par\u00f3quias e grupos de ora\u00e7\u00e3o.<br \/>Voc\u00ea \u00e9 m\u00fasico e ainda n\u00e3o baixou este app? Baixe agora mesmo!<br \/>E se voc\u00ea n\u00e3o \u00e9 m\u00fasico, mas gostaria de presentear os m\u00fasicos de sua par\u00f3quia ou comunidade, acesse agora: www.rs21.com.br\/aplicativos.<br \/>Aproveite a promo\u00e7\u00e3o do dia do m\u00fasico e baixe j\u00e1 o Aplicativo Louvemos o Senhor com 25% de desconto, utilize o cupom \u201cDIADOMUSICO\u201d <br \/>Aplicativo Louvemos o Senhor, a inova\u00e7\u00e3o que os m\u00fasicos esperavam!<\/p>\n<p style=\"text-align: justify;\">\n<p>Fonte: S\u00e9culo 21<\/p>\n","protected":false},"excerpt":{"rendered":"<p>Um presente para todos os m\u00fasicos cat\u00f3licos! 25% de desconto na aquisi\u00e7\u00e3o da licen\u00e7a do mais completo e baixado APP para m\u00fasicos Essa ter\u00e7a-feira, dia 22, \u00e9 o dia de Santa Cec\u00edlia e tamb\u00e9m dia do m\u00fasico. Pensando nesses artistas que evangelizam com o Dom de cantar, a EAD S\u00e9culo 21 quer dar um presente [&hellip;]<\/p>\n","protected":false},"author":1,"featured_media":19540,"comment_status":"open","ping_status":"open","sticky":false,"template":"","format":"standard","meta":{"footnotes":""},"categories":[4],"tags":[],"class_list":["post-19541","post","type-post","status-publish","format-standard","has-post-thumbnail","hentry","category-cotidiano"],"_links":{"self":[{"href":"https:\/\/catolicanet.net\/wp-cnet\/wp-json\/wp\/v2\/posts\/19541","targetHints":{"allow":["GET"]}}],"collection":[{"href":"https:\/\/catolicanet.net\/wp-cnet\/wp-json\/wp\/v2\/posts"}],"about":[{"href":"https:\/\/catolicanet.net\/wp-cnet\/wp-json\/wp\/v2\/types\/post"}],"author":[{"embeddable":true,"href":"https:\/\/catolicanet.net\/wp-cnet\/wp-json\/wp\/v2\/users\/1"}],"replies":[{"embeddable":true,"href":"https:\/\/catolicanet.net\/wp-cnet\/wp-json\/wp\/v2\/comments?post=19541"}],"version-history":[{"count":1,"href":"https:\/\/catolicanet.net\/wp-cnet\/wp-json\/wp\/v2\/posts\/19541\/revisions"}],"predecessor-version":[{"id":24911,"href":"https:\/\/catolicanet.net\/wp-cnet\/wp-json\/wp\/v2\/posts\/19541\/revisions\/24911"}],"wp:featuredmedia":[{"embeddable":true,"href":"https:\/\/catolicanet.net\/wp-cnet\/wp-json\/wp\/v2\/media\/19540"}],"wp:attachment":[{"href":"https:\/\/catolicanet.net\/wp-cnet\/wp-json\/wp\/v2\/media?parent=19541"}],"wp:term":[{"taxonomy":"category","embeddable":true,"href":"https:\/\/catolicanet.net\/wp-cnet\/wp-json\/wp\/v2\/categories?post=19541"},{"taxonomy":"post_tag","embeddable":true,"href":"https:\/\/catolicanet.net\/wp-cnet\/wp-json\/wp\/v2\/tags?post=19541"}],"curies":[{"name":"wp","href":"https:\/\/api.w.org\/{rel}","templated":true}]}}