{"id":19539,"date":"2016-11-23T13:06:47","date_gmt":"2016-11-23T15:06:47","guid":{"rendered":"http:\/\/catolicanet.net\/wp-cnet\/2016\/11\/23\/americaargentina-o-povo-nao-tem-dinheiro-nem-para-comprar-leite-a-grave-situacao-de-quilmes-denunciada-por-dom-tissera\/"},"modified":"2017-05-30T16:25:51","modified_gmt":"2017-05-30T19:25:51","slug":"americaargentina-o-povo-nao-tem-dinheiro-nem-para-comprar-leite-a-grave-situacao-de-quilmes-denunciada-por-dom-tissera","status":"publish","type":"post","link":"https:\/\/catolicanet.net\/wp-cnet\/americaargentina-o-povo-nao-tem-dinheiro-nem-para-comprar-leite-a-grave-situacao-de-quilmes-denunciada-por-dom-tissera\/","title":{"rendered":"AM\u00c9RICA\/ARGENTINA &#8211; \u201cO povo n\u00e3o tem dinheiro nem para comprar leite\u201d: a grave situa\u00e7\u00e3o de Quilmes denunciada por Dom Tissera"},"content":{"rendered":"<p style=\"text-align: justify;\"><img decoding=\"async\" src=\"http:\/\/www.catolicanet.com.br\/images\/stories\/noticias\/primopiano_2912.jpg\" border=\"0\" align=\"left\" \/>Quilmes (Ag\u00eancia Fides) \u2013 Com uma maci\u00e7a presen\u00e7a de fi\u00e9is, foi celebrada s\u00e1bado, 19 de novembro, a \u201cMissa da esperan\u00e7a\u201d no grande parque das Malvinas, ponto de encontro dos tr\u00eas distritos que comp\u00f5em a diocese argentina de Quilmes. H\u00e1 21 anos, aqui se celebra a \u201cMissa da Esperan\u00e7a\u201d, que este ano teve uma motiva\u00e7\u00e3o especial: o encerramento do Jubileu do Ano da Miseric\u00f3rdia e os 40 anos da cria\u00e7\u00e3o da diocese de Quilmes.<br \/>Na homilia, recebida pela Fides, Dom Carlos Jos\u00e9 Tissera, Bispo de Quilmes, pronunciou palavras duras para descrever o desemprego e a precariedade do trabalho, a fome e o tr\u00e1fico de drogas correntes na diocese.<br \/>&#8220;N\u00e3o \u00e9 uma coisa que nos \u00e9 dita, mas a vemos: em nossos refeit\u00f3rios p\u00fablicos aumentou o n\u00famero de crian\u00e7as e adolescentes. Atualmente, em alguns bairros, os jovens pedem at\u00e9 um prato de comida. As pessoas n\u00e3o t\u00eam mais dinheiro para comprar alimentos\u201d, disse o Bispo. Dom Tissera sublinhou: \u201cas estat\u00edsticas dizem que se reduziu at\u00e9 o consumo de leite\u201d. \u201cEstamos seriamente preocupados porque em alguns bairros, aumentou o n\u00famero de crian\u00e7as com tuberculose; h\u00e1 casos de desnutri\u00e7\u00e3o\u201d.<br \/>Precisamente devido \u00e0 numerosa presen\u00e7a de cidad\u00e3os, o Bispo denunciou tamb\u00e9m a situa\u00e7\u00e3o do trabalho informal e mal pago. \u201cEstamos aqui hoje porque queremos rezar para ter um trabalho; o trabalho \u00e9 necess\u00e1rio, mas n\u00e3o um trabalho mal pago. N\u00e3o conseguimos chegar ao fim do m\u00eas. Sabemos tamb\u00e9m que a crise atinge todos, tamb\u00e9m as pequenas e as m\u00e9dias empresas, mas elas s\u00e3o o alicerce de nossa regi\u00e3o meridional\u201d.<br \/>Na conclus\u00e3o, Dom Tissera tamb\u00e9m lamentou o aumento do n\u00famero de pessoas, em maioria pobres, que migram das \u00e1reas rurais \u00e0s cidades, construindo alojamentos prec\u00e1rios: \u201c\u00e9 um grave problema obter moradias, e a isto se soma o problema da sa\u00fade, da instru\u00e7\u00e3o, da inseguran\u00e7a e das drogas\u201d.<\/p>\n<p style=\"text-align: justify;\">\u00a0<\/p>\n<p style=\"text-align: justify;\">Fonte: Ag\u00eancia Fides<\/p>\n<p style=\"text-align: justify;\">\u00a0<\/p>\n","protected":false},"excerpt":{"rendered":"<p>Quilmes (Ag\u00eancia Fides) \u2013 Com uma maci\u00e7a presen\u00e7a de fi\u00e9is, foi celebrada s\u00e1bado, 19 de novembro, a \u201cMissa da esperan\u00e7a\u201d no grande parque das Malvinas, ponto de encontro dos tr\u00eas distritos que comp\u00f5em a diocese argentina de Quilmes. H\u00e1 21 anos, aqui se celebra a \u201cMissa da Esperan\u00e7a\u201d, que este ano teve uma motiva\u00e7\u00e3o especial: [&hellip;]<\/p>\n","protected":false},"author":1,"featured_media":19538,"comment_status":"open","ping_status":"open","sticky":false,"template":"","format":"standard","meta":{"footnotes":""},"categories":[4],"tags":[],"class_list":["post-19539","post","type-post","status-publish","format-standard","has-post-thumbnail","hentry","category-cotidiano"],"_links":{"self":[{"href":"https:\/\/catolicanet.net\/wp-cnet\/wp-json\/wp\/v2\/posts\/19539","targetHints":{"allow":["GET"]}}],"collection":[{"href":"https:\/\/catolicanet.net\/wp-cnet\/wp-json\/wp\/v2\/posts"}],"about":[{"href":"https:\/\/catolicanet.net\/wp-cnet\/wp-json\/wp\/v2\/types\/post"}],"author":[{"embeddable":true,"href":"https:\/\/catolicanet.net\/wp-cnet\/wp-json\/wp\/v2\/users\/1"}],"replies":[{"embeddable":true,"href":"https:\/\/catolicanet.net\/wp-cnet\/wp-json\/wp\/v2\/comments?post=19539"}],"version-history":[{"count":1,"href":"https:\/\/catolicanet.net\/wp-cnet\/wp-json\/wp\/v2\/posts\/19539\/revisions"}],"predecessor-version":[{"id":24912,"href":"https:\/\/catolicanet.net\/wp-cnet\/wp-json\/wp\/v2\/posts\/19539\/revisions\/24912"}],"wp:featuredmedia":[{"embeddable":true,"href":"https:\/\/catolicanet.net\/wp-cnet\/wp-json\/wp\/v2\/media\/19538"}],"wp:attachment":[{"href":"https:\/\/catolicanet.net\/wp-cnet\/wp-json\/wp\/v2\/media?parent=19539"}],"wp:term":[{"taxonomy":"category","embeddable":true,"href":"https:\/\/catolicanet.net\/wp-cnet\/wp-json\/wp\/v2\/categories?post=19539"},{"taxonomy":"post_tag","embeddable":true,"href":"https:\/\/catolicanet.net\/wp-cnet\/wp-json\/wp\/v2\/tags?post=19539"}],"curies":[{"name":"wp","href":"https:\/\/api.w.org\/{rel}","templated":true}]}}