{"id":19537,"date":"2016-11-23T12:58:39","date_gmt":"2016-11-23T14:58:39","guid":{"rendered":"http:\/\/catolicanet.net\/wp-cnet\/2016\/11\/23\/americavenezuela-as-pessoas-estao-caindo-em-depressao-pela-desilusao-com-o-dialogo-que-nao-avanca-diz-dom-padron-a-fides\/"},"modified":"2017-05-30T16:25:51","modified_gmt":"2017-05-30T19:25:51","slug":"americavenezuela-as-pessoas-estao-caindo-em-depressao-pela-desilusao-com-o-dialogo-que-nao-avanca-diz-dom-padron-a-fides","status":"publish","type":"post","link":"https:\/\/catolicanet.net\/wp-cnet\/americavenezuela-as-pessoas-estao-caindo-em-depressao-pela-desilusao-com-o-dialogo-que-nao-avanca-diz-dom-padron-a-fides\/","title":{"rendered":"AM\u00c9RICA\/VENEZUELA &#8211; \u201cAs pessoas est\u00e3o caindo em depress\u00e3o pela desilus\u00e3o com o di\u00e1logo, que n\u00e3o avan\u00e7a\u201d, diz Dom Padr\u00f3n \u00e0 Fides"},"content":{"rendered":"<p style=\"text-align: justify;\"><img decoding=\"async\" src=\"http:\/\/www.catolicanet.com.br\/images\/stories\/noticias\/primopiano_2909.jpg\" border=\"0\" align=\"left\" \/>Roma (Ag\u00eancia Fides) \u2013 O Presidente da Confer\u00eancia Episcopal Venezuelana (CEV), Dom Diego Padr\u00f3n, presente em Roma acompanhando Dom Enrique Porras Cardozo, Arcebispo de M\u00e9rida, criado Cardeal no Consist\u00f3rio de 19 de novembro, concedeu \u00e0 Fides uma entrevista sobre a grave situa\u00e7\u00e3o que a Venezuela est\u00e1 vivendo.<br \/>\u201cAntes de tudo \u2013 disse Dom Padr\u00f3n \u2013 n\u00e3o se pode falar de di\u00e1logo entre governo e oposi\u00e7\u00e3o, porque neste caso, ela \u00e9 constitu\u00edda por 80% dos venezuelanos e consequentemente, o governo deve mudar de atitude e aceitar um di\u00e1logo verdadeiro\u201d.<br \/>\u201cNem a Igreja e nem a popula\u00e7\u00e3o \u2013 prossegue \u2013 veem positivamente o andamento do processo de di\u00e1logo que teve in\u00edcio em 30 de outubro passado. Deve haver gestos de boa vontade, como o respeito pelos direitos humanos, e a liberta\u00e7\u00e3o dos prisioneiros pol\u00edticos que ainda existem. Em segundo lugar, deve-se abrir canais para as ajudas humanit\u00e1rias que s\u00e3o oferecidas para todos os venezuelanos que precisam urgentemente de alimentos e principalmente, de rem\u00e9dios\u201d, reitera o Arcebispo \u00e0 Fides.<br \/>\u201cA coisa mais triste \u00e9 que a popula\u00e7\u00e3o est\u00e1 caindo em depress\u00e3o, porque n\u00e3o v\u00ea uma sa\u00edda, n\u00e3o v\u00ea como sobreviver, apenas a desilus\u00e3o pelo di\u00e1logo que n\u00e3o procede\u201d, conclui Dom Padr\u00f3n.<\/p>\n<p style=\"text-align: justify;\">\u00a0<\/p>\n<p style=\"text-align: justify;\">Fonte: Ag\u00eancia Fides<\/p>\n<p style=\"text-align: justify;\">\u00a0<\/p>\n","protected":false},"excerpt":{"rendered":"<p>Roma (Ag\u00eancia Fides) \u2013 O Presidente da Confer\u00eancia Episcopal Venezuelana (CEV), Dom Diego Padr\u00f3n, presente em Roma acompanhando Dom Enrique Porras Cardozo, Arcebispo de M\u00e9rida, criado Cardeal no Consist\u00f3rio de 19 de novembro, concedeu \u00e0 Fides uma entrevista sobre a grave situa\u00e7\u00e3o que a Venezuela est\u00e1 vivendo.\u201cAntes de tudo \u2013 disse Dom Padr\u00f3n \u2013 n\u00e3o [&hellip;]<\/p>\n","protected":false},"author":1,"featured_media":19536,"comment_status":"open","ping_status":"open","sticky":false,"template":"","format":"standard","meta":{"footnotes":""},"categories":[4],"tags":[],"class_list":["post-19537","post","type-post","status-publish","format-standard","has-post-thumbnail","hentry","category-cotidiano"],"_links":{"self":[{"href":"https:\/\/catolicanet.net\/wp-cnet\/wp-json\/wp\/v2\/posts\/19537","targetHints":{"allow":["GET"]}}],"collection":[{"href":"https:\/\/catolicanet.net\/wp-cnet\/wp-json\/wp\/v2\/posts"}],"about":[{"href":"https:\/\/catolicanet.net\/wp-cnet\/wp-json\/wp\/v2\/types\/post"}],"author":[{"embeddable":true,"href":"https:\/\/catolicanet.net\/wp-cnet\/wp-json\/wp\/v2\/users\/1"}],"replies":[{"embeddable":true,"href":"https:\/\/catolicanet.net\/wp-cnet\/wp-json\/wp\/v2\/comments?post=19537"}],"version-history":[{"count":1,"href":"https:\/\/catolicanet.net\/wp-cnet\/wp-json\/wp\/v2\/posts\/19537\/revisions"}],"predecessor-version":[{"id":24913,"href":"https:\/\/catolicanet.net\/wp-cnet\/wp-json\/wp\/v2\/posts\/19537\/revisions\/24913"}],"wp:featuredmedia":[{"embeddable":true,"href":"https:\/\/catolicanet.net\/wp-cnet\/wp-json\/wp\/v2\/media\/19536"}],"wp:attachment":[{"href":"https:\/\/catolicanet.net\/wp-cnet\/wp-json\/wp\/v2\/media?parent=19537"}],"wp:term":[{"taxonomy":"category","embeddable":true,"href":"https:\/\/catolicanet.net\/wp-cnet\/wp-json\/wp\/v2\/categories?post=19537"},{"taxonomy":"post_tag","embeddable":true,"href":"https:\/\/catolicanet.net\/wp-cnet\/wp-json\/wp\/v2\/tags?post=19537"}],"curies":[{"name":"wp","href":"https:\/\/api.w.org\/{rel}","templated":true}]}}