{"id":19533,"date":"2016-11-23T12:28:09","date_gmt":"2016-11-23T14:28:09","guid":{"rendered":"http:\/\/catolicanet.net\/wp-cnet\/2016\/11\/23\/papa-misericordia-e-tambem-dar-bom-conselho-e-ensinar-valores\/"},"modified":"2017-06-02T13:44:24","modified_gmt":"2017-06-02T16:44:24","slug":"papa-misericordia-e-tambem-dar-bom-conselho-e-ensinar-valores","status":"publish","type":"post","link":"https:\/\/catolicanet.net\/wp-cnet\/papa-misericordia-e-tambem-dar-bom-conselho-e-ensinar-valores\/","title":{"rendered":"Papa: Miseric\u00f3rdia \u00e9 tamb\u00e9m dar bom conselho e ensinar valores"},"content":{"rendered":"<p style=\"text-align: justify;\"><img decoding=\"async\" src=\"http:\/\/www.catolicanet.com.br\/images\/stories\/noticias\/ansa1110506_articolo.jpg\" border=\"0\" align=\"left\" \/>Cidade do Vaticano (RV) \u2013 A audi\u00eancia geral desta quarta-feira teve lugar na Sala Paulo VI, no Vaticano, com a presen\u00e7a de milhares de fi\u00e9is, inclusive grupos de Manaus (AM), Araguari (MG) e Lorena (SP).<\/p>\n<p style=\"text-align: justify;\">\u00a0<\/p>\n<p style=\"text-align: justify;\"><a href=\"http:\/\/media02.radiovaticana.va\/audio\/audio2\/mp3\/00558804.mp3\">Clique aqui para ouvir:<\/a><\/p>\n<p style=\"text-align: justify;\">\u00a0<\/p>\n<p style=\"text-align: justify;\">Em sua catequese, o Papa dissertou sobre duas obras espirituais de miseric\u00f3rdia bastante relacionadas entre si: dar bom conselho e ensinar os ignorantes. Segundo Francisco, ambas podem ser vividas em nossa vida cotidiana, especialmente a segunda, ensinar.<\/p>\n<p>\u201cPensemos por exemplo nas crian\u00e7as que ainda s\u00e3o analfabetas, carentes de instru\u00e7\u00e3o. Esta \u00e9 uma condi\u00e7\u00e3o de grande injusti\u00e7a, que lesa a pr\u00f3pria dignidade da pessoa. Sem instru\u00e7\u00e3o, as pessoas se tornam f\u00e1cil alvo da explora\u00e7\u00e3o e de v\u00e1rias formas de marginaliza\u00e7\u00e3o social\u201d.<\/p>\n<p style=\"text-align: justify;\">\u00a0<\/p>\n<p style=\"text-align: justify;\"><a href=\"https:\/\/www.youtube.com\/watch?v=nuqb5-0SRRw\">Clique aqui para assistir:<\/a><\/p>\n<p style=\"text-align: justify;\">\u00a0<\/p>\n<p style=\"text-align: justify;\">O aplauso aos educadores da Igreja<\/p>\n<p>Ao longo dos s\u00e9culos, a Igreja sempre se engajou neste campo, educando aos valores humanos a crist\u00e3os, pois acredita que a instru\u00e7\u00e3o \u00e9 realmente uma peculiar forma de evangeliza\u00e7\u00e3o. O Papa pediu aos fi\u00e9is um aplauso aos muitos sacerdotes, consagrados e consagradas, e leigos, que dedicaram a vida na educa\u00e7\u00e3o e instru\u00e7\u00e3o de crian\u00e7as e jovens. <\/p>\n<p>Dar bom conselho, por sua vez, \u00e9 procurar ajudar a pessoa confusa, indecisa, duvidosa, a superar o tormento e a afli\u00e7\u00e3o que lhe provocam as suas d\u00favidas. Assim explicou o Papa:<\/p>\n<p>Dar bom conselho \u00e9 ato de amor<\/p>\n<p>\u201cExpressar miseric\u00f3rdia pelos inseguros equivale a aliviar a dor e o sofrimento que prov\u00eam do medo e da ang\u00fastia que s\u00e3o consequ\u00eancias da d\u00favida. \u00c9 um ato de verdadeiro amor pelo qual se ampara e apoia a pessoa na fragilidade da sua incerteza e hesita\u00e7\u00e3o\u201d\u00a0 <\/p>\n<p>Algu\u00e9m poderia dizer-me: \u201cPadre, tenho tantas d\u00favidas de f\u00e9, que devo fazer?\u201d As d\u00favidas em mat\u00e9ria de f\u00e9 podem ser um sinal de que queremos conhecer melhor Deus e o mist\u00e9rio do seu amor por n\u00f3s. Neste sentido positivo, \u00e9 bom que nos interroguemos sobre a nossa f\u00e9, porque assim somos levados a aprofund\u00e1-la. Em todo o caso, as d\u00favidas devem ser superadas. Para isso \u00e9 necess\u00e1rio escutar a Palavra de Deus e compreender o que nos ensina, principalmente na catequese. <\/p>\n<p>As d\u00favidas fazem crescer<\/p>\n<p>\u201cN\u00e3o fa\u00e7amos da f\u00e9 uma teoria abstrata, onde as d\u00favidas se multiplicam, mas uma vida, procurando p\u00f4-la em pr\u00e1tica no servi\u00e7o aos nossos irm\u00e3os, sobretudo aos mais necessitados. Ent\u00e3o todas as d\u00favidas desaparecem, porque sentimos a presen\u00e7a de Deus e a verdade do Evangelho no amor que, sem m\u00e9rito algum da nossa parte, habita em n\u00f3s e partilhamos com os outros\u201d. <\/p>\n<p>Na conclus\u00e3o, o Pont\u00edfice constatou que estas duas obras de miseric\u00f3rdia n\u00e3o est\u00e3o distantes de nossa vida e cada um de n\u00f3s pode se comprometer em vive-las e colocar em pr\u00e1tica a Palavra do Senhor ao dizer que o mist\u00e9rio do amor de Deus n\u00e3o foi revelado aos s\u00e1bios e inteligentes, mas aos menores:<\/p>\n<p>\u201cO ensinamento mais profundo a que somos chamados a transmitir e a certeza mais segura para sairmos da d\u00favida \u00e9 o amor de Deus, aquele com que fomos amados: um amor grande, gratuito e doado para sempre\u201d.<\/p>\n<p style=\"text-align: justify;\">\u00a0<\/p>\n<p style=\"text-align: justify;\">Fonte: R\u00e1dio Vaticano<\/p>\n","protected":false},"excerpt":{"rendered":"<p>Cidade do Vaticano (RV) \u2013 A audi\u00eancia geral desta quarta-feira teve lugar na Sala Paulo VI, no Vaticano, com a presen\u00e7a de milhares de fi\u00e9is, inclusive grupos de Manaus (AM), Araguari (MG) e Lorena (SP). \u00a0 Clique aqui para ouvir: \u00a0 Em sua catequese, o Papa dissertou sobre duas obras espirituais de miseric\u00f3rdia bastante relacionadas [&hellip;]<\/p>\n","protected":false},"author":1,"featured_media":19532,"comment_status":"open","ping_status":"open","sticky":false,"template":"","format":"standard","meta":{"footnotes":""},"categories":[3],"tags":[],"class_list":["post-19533","post","type-post","status-publish","format-standard","has-post-thumbnail","hentry","category-vaticano"],"_links":{"self":[{"href":"https:\/\/catolicanet.net\/wp-cnet\/wp-json\/wp\/v2\/posts\/19533","targetHints":{"allow":["GET"]}}],"collection":[{"href":"https:\/\/catolicanet.net\/wp-cnet\/wp-json\/wp\/v2\/posts"}],"about":[{"href":"https:\/\/catolicanet.net\/wp-cnet\/wp-json\/wp\/v2\/types\/post"}],"author":[{"embeddable":true,"href":"https:\/\/catolicanet.net\/wp-cnet\/wp-json\/wp\/v2\/users\/1"}],"replies":[{"embeddable":true,"href":"https:\/\/catolicanet.net\/wp-cnet\/wp-json\/wp\/v2\/comments?post=19533"}],"version-history":[{"count":1,"href":"https:\/\/catolicanet.net\/wp-cnet\/wp-json\/wp\/v2\/posts\/19533\/revisions"}],"predecessor-version":[{"id":27296,"href":"https:\/\/catolicanet.net\/wp-cnet\/wp-json\/wp\/v2\/posts\/19533\/revisions\/27296"}],"wp:featuredmedia":[{"embeddable":true,"href":"https:\/\/catolicanet.net\/wp-cnet\/wp-json\/wp\/v2\/media\/19532"}],"wp:attachment":[{"href":"https:\/\/catolicanet.net\/wp-cnet\/wp-json\/wp\/v2\/media?parent=19533"}],"wp:term":[{"taxonomy":"category","embeddable":true,"href":"https:\/\/catolicanet.net\/wp-cnet\/wp-json\/wp\/v2\/categories?post=19533"},{"taxonomy":"post_tag","embeddable":true,"href":"https:\/\/catolicanet.net\/wp-cnet\/wp-json\/wp\/v2\/tags?post=19533"}],"curies":[{"name":"wp","href":"https:\/\/api.w.org\/{rel}","templated":true}]}}