{"id":19531,"date":"2016-11-23T12:00:22","date_gmt":"2016-11-23T14:00:22","guid":{"rendered":"http:\/\/catolicanet.net\/wp-cnet\/2016\/11\/23\/dialogo-e-fraternidade-papa-recebe-delegacao-iraniana\/"},"modified":"2017-06-02T10:15:43","modified_gmt":"2017-06-02T13:15:43","slug":"dialogo-e-fraternidade-papa-recebe-delegacao-iraniana","status":"publish","type":"post","link":"https:\/\/catolicanet.net\/wp-cnet\/dialogo-e-fraternidade-papa-recebe-delegacao-iraniana\/","title":{"rendered":"Di\u00e1logo e fraternidade: Papa recebe delega\u00e7\u00e3o iraniana"},"content":{"rendered":"<p style=\"text-align: justify;\"><img decoding=\"async\" src=\"http:\/\/www.catolicanet.com.br\/images\/stories\/noticias\/afp5793161.jpg\" border=\"0\" align=\"left\" \/>Cidade do Vaticano (RV) \u2013 Antes da Audi\u00eancia Geral, o Papa recebeu na Sala Paulo VI os participantes do Col\u00f3quio promovido pelo Pontif\u00edcio Conselho para o Di\u00e1logo Inter-religioso e pela Organiza\u00e7\u00e3o de cultura e rela\u00e7\u00e3o isl\u00e2mica de Teer\u00e3 (Ir\u00e3). <\/p>\n<p>Em sua sauda\u00e7\u00e3o, o Pont\u00edfice lhes agradeceu pela visita, que disse \u201capreciar muito\u201d. \u201cFoi uma alegria muito grande quando veio o Presidente do Ir\u00e3\u201d, recordou Francisco, que se declarou \u201cimpressionado positivamente\u201d com a cultura iraniana por ocasi\u00e3o da visita da Vice-Presidente com um grupo de professores.<\/p>\n<p>\u201cGosto de v\u00ea-los aqui, assim como gosto que exista este di\u00e1logo t\u00e3o importante. Pe\u00e7o que rezem por mim, porque preciso de ora\u00e7\u00f5es; e lhes agrade\u00e7o por boa vontade de dialogar, de se aproximar e de fraternidade\u201d: assim se despediu o Papa da delega\u00e7\u00e3o iraniana.<\/p>\n<p style=\"text-align: justify;\">\u00a0<\/p>\n<p style=\"text-align: justify;\">Fonte: R\u00e1dio Vaticano<\/p>\n","protected":false},"excerpt":{"rendered":"<p>Cidade do Vaticano (RV) \u2013 Antes da Audi\u00eancia Geral, o Papa recebeu na Sala Paulo VI os participantes do Col\u00f3quio promovido pelo Pontif\u00edcio Conselho para o Di\u00e1logo Inter-religioso e pela Organiza\u00e7\u00e3o de cultura e rela\u00e7\u00e3o isl\u00e2mica de Teer\u00e3 (Ir\u00e3). Em sua sauda\u00e7\u00e3o, o Pont\u00edfice lhes agradeceu pela visita, que disse \u201capreciar muito\u201d. \u201cFoi uma alegria [&hellip;]<\/p>\n","protected":false},"author":1,"featured_media":19530,"comment_status":"open","ping_status":"open","sticky":false,"template":"","format":"standard","meta":{"footnotes":""},"categories":[3],"tags":[],"class_list":["post-19531","post","type-post","status-publish","format-standard","has-post-thumbnail","hentry","category-vaticano"],"_links":{"self":[{"href":"https:\/\/catolicanet.net\/wp-cnet\/wp-json\/wp\/v2\/posts\/19531","targetHints":{"allow":["GET"]}}],"collection":[{"href":"https:\/\/catolicanet.net\/wp-cnet\/wp-json\/wp\/v2\/posts"}],"about":[{"href":"https:\/\/catolicanet.net\/wp-cnet\/wp-json\/wp\/v2\/types\/post"}],"author":[{"embeddable":true,"href":"https:\/\/catolicanet.net\/wp-cnet\/wp-json\/wp\/v2\/users\/1"}],"replies":[{"embeddable":true,"href":"https:\/\/catolicanet.net\/wp-cnet\/wp-json\/wp\/v2\/comments?post=19531"}],"version-history":[{"count":1,"href":"https:\/\/catolicanet.net\/wp-cnet\/wp-json\/wp\/v2\/posts\/19531\/revisions"}],"predecessor-version":[{"id":27297,"href":"https:\/\/catolicanet.net\/wp-cnet\/wp-json\/wp\/v2\/posts\/19531\/revisions\/27297"}],"wp:featuredmedia":[{"embeddable":true,"href":"https:\/\/catolicanet.net\/wp-cnet\/wp-json\/wp\/v2\/media\/19530"}],"wp:attachment":[{"href":"https:\/\/catolicanet.net\/wp-cnet\/wp-json\/wp\/v2\/media?parent=19531"}],"wp:term":[{"taxonomy":"category","embeddable":true,"href":"https:\/\/catolicanet.net\/wp-cnet\/wp-json\/wp\/v2\/categories?post=19531"},{"taxonomy":"post_tag","embeddable":true,"href":"https:\/\/catolicanet.net\/wp-cnet\/wp-json\/wp\/v2\/tags?post=19531"}],"curies":[{"name":"wp","href":"https:\/\/api.w.org\/{rel}","templated":true}]}}