{"id":19529,"date":"2016-11-23T11:42:07","date_gmt":"2016-11-23T13:42:07","guid":{"rendered":"http:\/\/catolicanet.net\/wp-cnet\/2016\/11\/23\/35o-encontro-regional-dos-presbiteros-reflete-sobre-saude-psiquica-e-missao-na-igreja\/"},"modified":"2017-05-26T13:33:35","modified_gmt":"2017-05-26T16:33:35","slug":"35o-encontro-regional-dos-presbiteros-reflete-sobre-saude-psiquica-e-missao-na-igreja","status":"publish","type":"post","link":"https:\/\/catolicanet.net\/wp-cnet\/35o-encontro-regional-dos-presbiteros-reflete-sobre-saude-psiquica-e-missao-na-igreja\/","title":{"rendered":"35\u00ba Encontro Regional dos Presb\u00edteros reflete sobre sa\u00fade ps\u00edquica e miss\u00e3o na Igreja"},"content":{"rendered":"<p style=\"text-align: justify;\"><img decoding=\"async\" src=\"http:\/\/www.catolicanet.com.br\/images\/stories\/noticias\/sul3_presbiteros.jpg\" border=\"0\" align=\"left\" \/>Evento contou com a participa\u00e7\u00e3o de cerca de 60 presb\u00edteros<\/p>\n<p>\u201cO encontro foi marcado pela conviv\u00eancia fraterna e partilha de vida. Desejo que o Esp\u00edrito Santo nos conduza e nos sustente na miss\u00e3o de anunciar e viver o Evangelho de Jesus Cristo com alegria\u201d, afirmou o bispo de Montenegro, dom Paulo de Conto, sobre o 35\u00ba Encontro Regional dos Presb\u00edteros realizado pelo regional Sul 3 da Confer\u00eancia Nacional dos Bispos do Brasil (CNBB).<\/p>\n<p>Cerca de 60 presb\u00edteros, representantes de todas as dioceses do Rio Grande do Sul, participaram do 35\u00ba Encontro Regional, nos dias 14 a 17 de novembro, no Centro de Espiritualidade Cristo Rei, em S\u00e3o Leopoldo (RS). O encontrou contou com a presen\u00e7a do bispo de Montenegro e referencial para os minist\u00e9rios ordenados do regional Sul 3, dom Paulo de Conto; do secret\u00e1rio executivo do regional Sul 3, padre Leandro Padilha e o presidente da Comiss\u00e3o Regional dos Di\u00e1conos, di\u00e1cono Roberto Nunes.<\/p>\n<p>No encontro, os participantes puderam refletir sobre a sa\u00fade ps\u00edquica dos presb\u00edteros. A tem\u00e1tica contou com as assessorias da psiquiatra e psicoterapeuta, Yara Helena Cherem Netto e da psic\u00f3loga, Eunice Borba Juli\u00e3o. \u201cA realidade hodierna faz com que os presb\u00edteros se deparem com o excesso de atividades, sofrimentos e frustra\u00e7\u00f5es que acabam em diversas patologias, como o estresse doentio, a S\u00edndrome de Burnout e a depress\u00e3o\u201d, frisou Yara. Al\u00e9m da constata\u00e7\u00e3o, tamb\u00e9m esteve em pauta os sintomas, as causas, a preven\u00e7\u00e3o e o tratamento, bem como a maneira adequada de usar as redes sociais.\u00a0 <\/p>\n<p>Padre Estev\u00e3o Raschietti, do Centro Cultural Mission\u00e1rio (CCM), abordou a Dimens\u00e3o Mission\u00e1ria do Presb\u00edtero. \u201cA miss\u00e3o faz parte da ess\u00eancia da Igreja, renova a vida das Comunidades e a vida dos Presb\u00edteros. A miss\u00e3o exige que o presb\u00edtero seja pastor para as ovelhas que est\u00e3o no redil; semeador para lan\u00e7ar a semente do Evangelho nas diversas realidades e pescador para lan\u00e7ar as redes na miss\u00e3o Ad gentes\u201d, destacou Raschietti.<\/p>\n<p>Na ocasi\u00e3o tamb\u00e9m foram apresentados os nomes que passaram a integrar a Coordena\u00e7\u00e3o Regional dos Presb\u00edteros: o padre Pedro Nicolau Schneider, como vice-presidente; o padre Jac\u00f3 Andr\u00e9 Wuaden, como vice-tesoureiro e o padre Darvan Hernandez da Rosa, como vice-secret\u00e1rio.<\/p>\n<p style=\"text-align: justify;\">Com informa\u00e7\u00f5es do regional Sul 3<\/p>\n<p style=\"text-align: justify;\">\u00a0<\/p>\n<p style=\"text-align: justify;\">Fonte: CNBB<\/p>\n","protected":false},"excerpt":{"rendered":"<p>Evento contou com a participa\u00e7\u00e3o de cerca de 60 presb\u00edteros \u201cO encontro foi marcado pela conviv\u00eancia fraterna e partilha de vida. Desejo que o Esp\u00edrito Santo nos conduza e nos sustente na miss\u00e3o de anunciar e viver o Evangelho de Jesus Cristo com alegria\u201d, afirmou o bispo de Montenegro, dom Paulo de Conto, sobre o [&hellip;]<\/p>\n","protected":false},"author":1,"featured_media":19528,"comment_status":"open","ping_status":"open","sticky":false,"template":"","format":"standard","meta":{"footnotes":""},"categories":[7],"tags":[],"class_list":["post-19529","post","type-post","status-publish","format-standard","has-post-thumbnail","hentry","category-cnbb"],"_links":{"self":[{"href":"https:\/\/catolicanet.net\/wp-cnet\/wp-json\/wp\/v2\/posts\/19529","targetHints":{"allow":["GET"]}}],"collection":[{"href":"https:\/\/catolicanet.net\/wp-cnet\/wp-json\/wp\/v2\/posts"}],"about":[{"href":"https:\/\/catolicanet.net\/wp-cnet\/wp-json\/wp\/v2\/types\/post"}],"author":[{"embeddable":true,"href":"https:\/\/catolicanet.net\/wp-cnet\/wp-json\/wp\/v2\/users\/1"}],"replies":[{"embeddable":true,"href":"https:\/\/catolicanet.net\/wp-cnet\/wp-json\/wp\/v2\/comments?post=19529"}],"version-history":[{"count":1,"href":"https:\/\/catolicanet.net\/wp-cnet\/wp-json\/wp\/v2\/posts\/19529\/revisions"}],"predecessor-version":[{"id":23334,"href":"https:\/\/catolicanet.net\/wp-cnet\/wp-json\/wp\/v2\/posts\/19529\/revisions\/23334"}],"wp:featuredmedia":[{"embeddable":true,"href":"https:\/\/catolicanet.net\/wp-cnet\/wp-json\/wp\/v2\/media\/19528"}],"wp:attachment":[{"href":"https:\/\/catolicanet.net\/wp-cnet\/wp-json\/wp\/v2\/media?parent=19529"}],"wp:term":[{"taxonomy":"category","embeddable":true,"href":"https:\/\/catolicanet.net\/wp-cnet\/wp-json\/wp\/v2\/categories?post=19529"},{"taxonomy":"post_tag","embeddable":true,"href":"https:\/\/catolicanet.net\/wp-cnet\/wp-json\/wp\/v2\/tags?post=19529"}],"curies":[{"name":"wp","href":"https:\/\/api.w.org\/{rel}","templated":true}]}}