{"id":19527,"date":"2016-11-23T11:11:20","date_gmt":"2016-11-23T13:11:20","guid":{"rendered":"http:\/\/catolicanet.net\/wp-cnet\/2016\/11\/23\/projeto-igrejas-irmas-articula-revitalizacao\/"},"modified":"2017-05-26T13:33:55","modified_gmt":"2017-05-26T16:33:55","slug":"projeto-igrejas-irmas-articula-revitalizacao","status":"publish","type":"post","link":"https:\/\/catolicanet.net\/wp-cnet\/projeto-igrejas-irmas-articula-revitalizacao\/","title":{"rendered":"Projeto Igrejas-irm\u00e3s articula revitaliza\u00e7\u00e3o"},"content":{"rendered":"<p style=\"text-align: justify;\"><img decoding=\"async\" src=\"http:\/\/www.catolicanet.com.br\/images\/stories\/noticias\/img_0222.jpg\" border=\"0\" align=\"left\" \/>Durante encontro, houve resgate hist\u00f3rico e propostas de revis\u00e3o e atualiza\u00e7\u00e3o da iniciativa<\/p>\n<p>Animando a missionariedade e a colabora\u00e7\u00e3o m\u00fatua entre Igrejas particulares no Brasil desde 1972, o projeto Igrejas-irm\u00e3s ser\u00e1 revitalizado, com a revis\u00e3o e atualiza\u00e7\u00e3o de suas perspectivas. \u00c9 o que foi proposto no encontro realizado em Bel\u00e9m (PA), nos dias 17 e 18 de novembro. V\u00e1rias ideias foram apresentadas na ocasi\u00e3o, quando 53 bispos, 22 padres, 11 leigos, tr\u00eas religiosas e dois di\u00e1conos, avaliaram a caminhada dos projetos Igrejas-Irm\u00e3s no Brasil, resgataram o hist\u00f3rico e o itiner\u00e1rio desses projetos, celebraram e valorizaram os passos dados e as conquistas; e identificaram os desafios atuais. <\/p>\n<p>O encontro realizado pela Comiss\u00e3o Episcopal Pastoral para a A\u00e7\u00e3o Mission\u00e1ria e a Coopera\u00e7\u00e3o Intereclesial da Confer\u00eancia Nacional dos Bipsos do Brasil (CNBB) serviu para iluminar a caminhada realizada na perspectiva da anima\u00e7\u00e3o e coopera\u00e7\u00e3o mission\u00e1rias e perceber novas perspectivas para o encaminhamento futuro dos projetos Igrejas Irm\u00e3s, do qual fazem parte, principalmente dioceses e prelazias da regi\u00e3o Amaz\u00f4nica. Neste sentido, a Comiss\u00e3o Episcopal para a Amaz\u00f4nia da CNBB foi parceira na realiza\u00e7\u00e3o do encontro.<\/p>\n<p>Dezesseis propostas surgiram do encontro sobre as Igrejas-irm\u00e3s. Entre elas, levar em conta as realidades sociais, ambientais e urbanas da Amaz\u00f4nia, bem como o avan\u00e7o organizado e articulado do neopentecostal\u00edssimo; aprofundar o sentido do envio do mission\u00e1rio; esclarecer as responsabilidades de cada Igreja em rela\u00e7\u00e3o ao envio e acolhida de mission\u00e1rios; definir melhor a participa\u00e7\u00e3o de leigos no processo mission\u00e1rio; fortalecer a consci\u00eancia mission\u00e1ria em toda a diocese; e incentivar os Conselhos Mission\u00e1rios.<\/p>\n<p>As propostas ainda visam incentivar a visita de bispos, padres e leigos de uma Igreja-irm\u00e3s \u00e0 outra; a colabora\u00e7\u00e3o para que a Igreja particular que recebe a ajuda alcance sua sustenta\u00e7\u00e3o; a prepara\u00e7\u00e3o de seminaristas, enfatizando as experi\u00eancias mission\u00e1rias, em especial de f\u00e9rias, para que sejam instrumentos de fortalecimento do impulso mission\u00e1rio; e a participa\u00e7\u00e3o da Organiza\u00e7\u00e3o dos Semin\u00e1rios e Institutos Filos\u00f3fico-Teol\u00f3gicos do Brasil (Osib) e do Conselho Nacional dos Presb\u00edteros (CNP) no projeto.<\/p>\n<p>Tamb\u00e9m foram ressaltadas indica\u00e7\u00f5es voltadas para a forma\u00e7\u00e3o de lideran\u00e7as e oferta de cursos espec\u00edficos para os mission\u00e1rios, a partir do que j\u00e1 est\u00e1 dispon\u00edvel no Centro Cultural Mission\u00e1rio e nos institutos em Manaus, Bel\u00e9m e Porto Velho. Haver\u00e1 ainda o levantamento dos mission\u00e1rios Ad Gentes, com a procura de a\u00e7\u00e3o conjunta com as novas comunidades envolvidas na miss\u00e3o al\u00e9m-fronteiras. Especial aten\u00e7\u00e3o ser\u00e1 dada aos migrantes e pessoas que sofrem com o tr\u00e1fico humano.<\/p>\n<p>Os participantes do encontro pretendem abordar a tem\u00e1tica em uma Assembleia Geral da CNBB.<\/p>\n<p style=\"text-align: justify;\">Hist\u00f3rico <\/p>\n<p>\u201cO projeto Igrejas Irm\u00e3s foi criado pela CNBB, em fevereiro de 1972, depois que a sua presid\u00eancia visitou v\u00e1rias dioceses e prelazias da Amaz\u00f4nia. Nesse mesmo ano, os bispos da Amaz\u00f4nia estiveram reunidos em Santar\u00e9m e elaboram um documento que ainda hoje \u00e9 marca importante para o trabalho de evangeliza\u00e7\u00e3o na Amaz\u00f4nia\u201d, conta o bispo auxiliar de S\u00e3o Lu\u00eds e presidente da Comiss\u00e3o Episcopal Pastoral para a A\u00e7\u00e3o Mission\u00e1ria da CNBB, dom Esmeraldo Barreto de Farias. <\/p>\n<p>O objetivo do Projeto Igrejas-irm\u00e3s \u00e9 partilhar a f\u00e9, os dons da gra\u00e7a, as experi\u00eancias pastorais, pessoas e recursos financeiros como gestos de caridade crist\u00e3 para com as Igrejas da Amaz\u00f4nia e outras tamb\u00e9m necessitadas. \u201cA Igreja que envia mission\u00e1rios tamb\u00e9m \u00e9 beneficiada pelas experi\u00eancias que v\u00ea e das quais participa atrav\u00e9s dos mission\u00e1rios que foram enviados\u201d, sublinha dom Esmeraldo.<\/p>\n<p><img decoding=\"async\" src=\"http:\/\/www.catolicanet.com.br\/images\/stories\/noticias\/img_0232.jpg\" border=\"0\" align=\"right\" \/>Durante o encontro realizado em Bel\u00e9m, o vig\u00e1rio geral das Pastorais da arquidiocese de Bel\u00e9m (PA), padre Raimundo Possid\u00f4nio da Mata, fez a retrospectiva hist\u00f3rica do projeto, destacando alguns desafios que a Igreja na Amaz\u00f4nia enfrenta hoje.<\/p>\n<p>No in\u00edcio, o projeto teve forte repercuss\u00e3o e um grande n\u00famero de mission\u00e1rios foi enviado para a Amaz\u00f4nia e para o Nordeste. Somente a diocese de Caxias do Sul (RS), pioneira nesse projeto, enviou de 1972 a 1985, mais de 100 mission\u00e1rios para as regi\u00f5es.<\/p>\n<p>De 22 a 25 de agosto de 1989, a comiss\u00e3o da CNBB respons\u00e1vel pela dimens\u00e3o mission\u00e1ria organizou um encontro com representantes das Igrejas Irm\u00e3s. A fim de dinamizar o projeto, os bispos ressaltaram a missionariedade da Igreja, evangeliza\u00e7\u00e3o das culturas, atendimento a situa\u00e7\u00f5es mission\u00e1rias mais desafiadoras, a miss\u00e3o como eixo da forma\u00e7\u00e3o. Os semin\u00e1rios e casas de forma\u00e7\u00e3o, de acordo com os apontamentos dos prelados, deveriam proporcionar aos formandos a experi\u00eancia da comunidade apost\u00f3lica chamada ao seguimento de Jesus mission\u00e1rio. Tamb\u00e9m foi uma proposta da \u00e9poca a forma\u00e7\u00e3o de um clero local, a participa\u00e7\u00e3o dos leigos e a miss\u00e3o ad gentes. Tamb\u00e9m foi assumida a constitui\u00e7\u00e3o de uma coordena\u00e7\u00e3o.<\/p>\n<p style=\"text-align: justify;\">Partilha e apoio<\/p>\n<p>Durante o encontro, os bispos e demais participantes tiveram oportunidade de partilharem suas experi\u00eancias e de refletirem sobre os principais desafios. Dom Esmeraldo contou ainda que o bispo de S\u00e3o Gabriel da Cachoeira (AM), dom Edson Damian, fez \u201cum importante trabalho sobre a Igreja na Amaz\u00f4nia e a solidariedade no projeto Igrejas Irm\u00e3s\u201d.<\/p>\n<p>As palavras do arcebispo de Bras\u00edlia (DF) e presidente da CNBB, cardeal Sergio da Rocha, animaram os participantes. Impossibilitado de participar por conta do consist\u00f3rio no qual foi criado cardeal, dom Sergio assegurou-lhes as suas ora\u00e7\u00f5es, afirmando que levava consigo a Amaz\u00f4nia e a Miss\u00e3o para Roma e, particularmente para o papa Francisco, \u201cque tem demonstrado, de modo admir\u00e1vel, tanto amor e solicitude pela Amaz\u00f4nia, em tantas ocasi\u00f5es, como pude pessoalmente testemunhar\u201d.<\/p>\n<p>O presidente da CNBB considerou que o encontro teve \u201ca esperan\u00e7a de fortalecer a comunh\u00e3o e a coopera\u00e7\u00e3o intereclesial\u201d e que serviu de est\u00edmulo para a partilha e o compromisso mission\u00e1rio da Igreja no Brasil com a Igreja na Amaz\u00f4nia Legal. \u201cOs projetos mission\u00e1rios desenvolvidos na Amaz\u00f4nia com o generoso apoio das Igrejas Irm\u00e3s servem de sinal, recorda\u00e7\u00e3o e incentivo para que toda a Igreja no Brasil seja, de fato, mission\u00e1ria, \u2018em estado permanente de miss\u00e3o\u2019, tamb\u00e9m al\u00e9m-fronteiras das Igrejas particulares. Esperamos, com a gra\u00e7a de Deus, redobrar os esfor\u00e7os\u201d, desejou o cardeal.<\/p>\n<p style=\"text-align: justify;\">\u00a0<\/p>\n<p style=\"text-align: justify;\">Fonte: CNBB<\/p>\n","protected":false},"excerpt":{"rendered":"<p>Durante encontro, houve resgate hist\u00f3rico e propostas de revis\u00e3o e atualiza\u00e7\u00e3o da iniciativa Animando a missionariedade e a colabora\u00e7\u00e3o m\u00fatua entre Igrejas particulares no Brasil desde 1972, o projeto Igrejas-irm\u00e3s ser\u00e1 revitalizado, com a revis\u00e3o e atualiza\u00e7\u00e3o de suas perspectivas. \u00c9 o que foi proposto no encontro realizado em Bel\u00e9m (PA), nos dias 17 e [&hellip;]<\/p>\n","protected":false},"author":1,"featured_media":19526,"comment_status":"open","ping_status":"open","sticky":false,"template":"","format":"standard","meta":{"footnotes":""},"categories":[7],"tags":[],"class_list":["post-19527","post","type-post","status-publish","format-standard","has-post-thumbnail","hentry","category-cnbb"],"_links":{"self":[{"href":"https:\/\/catolicanet.net\/wp-cnet\/wp-json\/wp\/v2\/posts\/19527","targetHints":{"allow":["GET"]}}],"collection":[{"href":"https:\/\/catolicanet.net\/wp-cnet\/wp-json\/wp\/v2\/posts"}],"about":[{"href":"https:\/\/catolicanet.net\/wp-cnet\/wp-json\/wp\/v2\/types\/post"}],"author":[{"embeddable":true,"href":"https:\/\/catolicanet.net\/wp-cnet\/wp-json\/wp\/v2\/users\/1"}],"replies":[{"embeddable":true,"href":"https:\/\/catolicanet.net\/wp-cnet\/wp-json\/wp\/v2\/comments?post=19527"}],"version-history":[{"count":1,"href":"https:\/\/catolicanet.net\/wp-cnet\/wp-json\/wp\/v2\/posts\/19527\/revisions"}],"predecessor-version":[{"id":23335,"href":"https:\/\/catolicanet.net\/wp-cnet\/wp-json\/wp\/v2\/posts\/19527\/revisions\/23335"}],"wp:featuredmedia":[{"embeddable":true,"href":"https:\/\/catolicanet.net\/wp-cnet\/wp-json\/wp\/v2\/media\/19526"}],"wp:attachment":[{"href":"https:\/\/catolicanet.net\/wp-cnet\/wp-json\/wp\/v2\/media?parent=19527"}],"wp:term":[{"taxonomy":"category","embeddable":true,"href":"https:\/\/catolicanet.net\/wp-cnet\/wp-json\/wp\/v2\/categories?post=19527"},{"taxonomy":"post_tag","embeddable":true,"href":"https:\/\/catolicanet.net\/wp-cnet\/wp-json\/wp\/v2\/tags?post=19527"}],"curies":[{"name":"wp","href":"https:\/\/api.w.org\/{rel}","templated":true}]}}