{"id":19525,"date":"2016-11-23T11:05:42","date_gmt":"2016-11-23T13:05:42","guid":{"rendered":"http:\/\/catolicanet.net\/wp-cnet\/2016\/11\/23\/cnbb-realizara-lancamento-da-doutrina-social-da-igreja-para-os-jovens-docat\/"},"modified":"2017-05-26T13:34:25","modified_gmt":"2017-05-26T16:34:25","slug":"cnbb-realizara-lancamento-da-doutrina-social-da-igreja-para-os-jovens-docat","status":"publish","type":"post","link":"https:\/\/catolicanet.net\/wp-cnet\/cnbb-realizara-lancamento-da-doutrina-social-da-igreja-para-os-jovens-docat\/","title":{"rendered":"CNBB realizar\u00e1 lan\u00e7amento da Doutrina Social da Igreja para os Jovens (DOCAT)"},"content":{"rendered":"<p style=\"text-align: justify;\"><img decoding=\"async\" src=\"http:\/\/www.catolicanet.com.br\/images\/stories\/noticias\/docat.jpg\" border=\"0\" align=\"left\" \/>Evento ocorrer\u00e1 na sede da CNBB, em Bras\u00edlia, \u00e0s 14h30<\/p>\n<p>A Comiss\u00e3o Episcopal para a Juventude da Confer\u00eancia Nacional dos Bispos do Brasil (CNBB) lan\u00e7a nesta quarta-feira, 23 de novembro, o Comp\u00eandio da Doutrina Social da Igreja para os Jovens \u2013 Docat. As cerim\u00f4nias ocorrer\u00e3o em locais e hor\u00e1rios distintos, uma na sede da CNBB, em Bras\u00edlia (DF), \u00e0s 14h30 e outra no Col\u00e9gio Dom Bosco, \u00e0s 20h, tamb\u00e9m em Bras\u00edlia.<\/p>\n<p>O Docat \u00e9 uma adapta\u00e7\u00e3o atraente e ilustrativa do Comp\u00eandio da Doutrina Social da Igreja, um pequeno manual dos Ensinamentos Sociais da Igreja. O livro foi idealizado pelos mesmos criadores do Catecismo Jovem (Youcat) e apresentado durante a Jornada Mundial da Juventude 2016, ocorrida em Crac\u00f3via, na Pol\u00f4nia. Seu principal objetivo \u00e9 ensinar numa linguagem dial\u00f3gica, com perguntas e respostas, como os jovens crist\u00e3os podem mudar o mundo atrav\u00e9s da a\u00e7\u00e3o social e pol\u00edtica, com base nos ensinamentos do Evangelho.<\/p>\n<p>A elabora\u00e7\u00e3o e a ilustra\u00e7\u00e3o do livro contou com a participa\u00e7\u00e3o de jovens de diferentes pa\u00edses. De acordo com o assessor da Comiss\u00e3o para a Juventude, padre Ant\u00f4nio Ramos Padro, com o Docat a Igreja pretende ter um alcance maior, sobretudo dos Jovens. \u201cA Doutrina Social da Igreja \u00e9 um documento antigo e que nessa linha de di\u00e1logo com os jovens os convoca para praticar tr\u00eas a\u00e7\u00f5es cont\u00ednuas, uma \u00e9 de se transformar; transformar ele mesmo enquanto jovem, transformar ao seu redor e transformar a sociedade\u201d, explica.<\/p>\n<p>Durante o lan\u00e7amento, a \u201cEdi\u00e7\u00f5es CNBB\u201d disponibilizar\u00e1 exemplares para a venda. Participar\u00e3o da ocasi\u00e3o, a presid\u00eancia da CNBB, membros do Conselho Episcopal Pastoral e representantes do Setor Juventude da arquidiocese de Bras\u00edlia.<\/p>\n<p style=\"text-align: justify;\">\n<p>Fonte: CNBB<\/p>\n","protected":false},"excerpt":{"rendered":"<p>Evento ocorrer\u00e1 na sede da CNBB, em Bras\u00edlia, \u00e0s 14h30 A Comiss\u00e3o Episcopal para a Juventude da Confer\u00eancia Nacional dos Bispos do Brasil (CNBB) lan\u00e7a nesta quarta-feira, 23 de novembro, o Comp\u00eandio da Doutrina Social da Igreja para os Jovens \u2013 Docat. As cerim\u00f4nias ocorrer\u00e3o em locais e hor\u00e1rios distintos, uma na sede da CNBB, [&hellip;]<\/p>\n","protected":false},"author":1,"featured_media":19524,"comment_status":"open","ping_status":"open","sticky":false,"template":"","format":"standard","meta":{"footnotes":""},"categories":[7],"tags":[],"class_list":["post-19525","post","type-post","status-publish","format-standard","has-post-thumbnail","hentry","category-cnbb"],"_links":{"self":[{"href":"https:\/\/catolicanet.net\/wp-cnet\/wp-json\/wp\/v2\/posts\/19525","targetHints":{"allow":["GET"]}}],"collection":[{"href":"https:\/\/catolicanet.net\/wp-cnet\/wp-json\/wp\/v2\/posts"}],"about":[{"href":"https:\/\/catolicanet.net\/wp-cnet\/wp-json\/wp\/v2\/types\/post"}],"author":[{"embeddable":true,"href":"https:\/\/catolicanet.net\/wp-cnet\/wp-json\/wp\/v2\/users\/1"}],"replies":[{"embeddable":true,"href":"https:\/\/catolicanet.net\/wp-cnet\/wp-json\/wp\/v2\/comments?post=19525"}],"version-history":[{"count":1,"href":"https:\/\/catolicanet.net\/wp-cnet\/wp-json\/wp\/v2\/posts\/19525\/revisions"}],"predecessor-version":[{"id":23336,"href":"https:\/\/catolicanet.net\/wp-cnet\/wp-json\/wp\/v2\/posts\/19525\/revisions\/23336"}],"wp:featuredmedia":[{"embeddable":true,"href":"https:\/\/catolicanet.net\/wp-cnet\/wp-json\/wp\/v2\/media\/19524"}],"wp:attachment":[{"href":"https:\/\/catolicanet.net\/wp-cnet\/wp-json\/wp\/v2\/media?parent=19525"}],"wp:term":[{"taxonomy":"category","embeddable":true,"href":"https:\/\/catolicanet.net\/wp-cnet\/wp-json\/wp\/v2\/categories?post=19525"},{"taxonomy":"post_tag","embeddable":true,"href":"https:\/\/catolicanet.net\/wp-cnet\/wp-json\/wp\/v2\/tags?post=19525"}],"curies":[{"name":"wp","href":"https:\/\/api.w.org\/{rel}","templated":true}]}}