{"id":19523,"date":"2016-11-23T11:04:21","date_gmt":"2016-11-23T13:04:21","guid":{"rendered":"http:\/\/catolicanet.net\/wp-cnet\/2016\/11\/23\/estai-preparados-3\/"},"modified":"2017-05-05T14:19:00","modified_gmt":"2017-05-05T17:19:00","slug":"estai-preparados-3","status":"publish","type":"post","link":"https:\/\/catolicanet.net\/wp-cnet\/estai-preparados-3\/","title":{"rendered":"Estai preparados"},"content":{"rendered":"<p style=\"text-align: justify;\">Estamos iniciando o Advento. Nele, preparamo-nos para celebrar a vinda do Senhor no Natal, mas tamb\u00e9m nos preparamos para a outra chegada: a futura, a definitiva, aquela que n\u00e3o poder\u00edamos perder, pois perder\u00edamos a oportunidade de nossas vidas.<br \/>O Evangelho nos diz que a vinda do Senhor romper\u00e1 com todas as atividades habituais, ou seja, aquilo que nos acontece habitualmente, todos os dias. Deixaremos de fazer p\u00e3o, de cultivar os campos, de ir ao trabalho e de nos casarmos porque, naquele dia come\u00e7ar\u00e1 algo radicalmente novo. Algo t\u00e3o novo que, embora continuemos fazendo p\u00e3o e cultivando os campos e nos dirigindo ao trabalho, tudo ter\u00e1 um sentido diferente, pois o Senhor estar\u00e1 no meio de n\u00f3s. Sua presen\u00e7a curar\u00e1 nossas feridas, far\u00e1 a justi\u00e7a e a paz reinarem entre as pessoas e os povos, e que nossas vidas sejam transformadas. Por isso, n\u00f3s precisamos estar atentos. N\u00e3o podemos permitir que a presen\u00e7a do Senhor nos encontre distra\u00eddos ou despreparados.<br \/>\u00c9 tempo de dar aten\u00e7\u00e3o ao que nos diz Paulo na carta aos Romanos. J\u00e1 \u00e9 hora de despertarmos, pois a salva\u00e7\u00e3o est\u00e1 pr\u00f3xima. N\u00e3o sabemos como e quando Jesus chegar\u00e1, mas sabemos que devemos estar preparados. E, para isso, Ele nos oferece os melhores conselhos: vamos deixar de lado as obras das trevas, todas as vezes que nos deixarmos levar pela inveja, cobi\u00e7a e desamor. Vamos viver tal como se Jesus j\u00e1 estivesse aqui. Seria a melhor maneira de estarmos preparados. Trata-se, assim, de vivermos \u00e0 luz do Evangelho, deixando-nos levar pelo amor de Deus, que cuida de seus filhos, de sua fam\u00edlia, de n\u00f3s. Voltemos os olhos para aqueles com os quais vivemos. Com eles, jamais sem eles, nem contra eles. Esta \u00e9 a maneira como construiremos a solidariedade e a justi\u00e7a, que far\u00e3o com que o nosso Senhor nos encontre preparados no momento de sua chegada.<br \/>Preparar a chegada do Senhor, no seu humilde pres\u00e9pio ou na sua vinda glorioso \u00e9 nos esfor\u00e7armos para cultivar e viver a solidariedade, a paz, a fraternidade, o amor.<\/p>\n","protected":false},"excerpt":{"rendered":"<p>Estamos iniciando o Advento. Nele, preparamo-nos para celebrar a vinda do Senhor no Natal, mas tamb\u00e9m nos preparamos para a outra chegada: a futura, a definitiva, aquela que n\u00e3o poder\u00edamos perder, pois perder\u00edamos a oportunidade de nossas vidas.O Evangelho nos diz que a vinda do Senhor romper\u00e1 com todas as atividades habituais, ou seja, aquilo [&hellip;]<\/p>\n","protected":false},"author":10,"featured_media":0,"comment_status":"open","ping_status":"open","sticky":false,"template":"","format":"standard","meta":{"footnotes":""},"categories":[9],"tags":[],"class_list":["post-19523","post","type-post","status-publish","format-standard","hentry","category-artigos"],"_links":{"self":[{"href":"https:\/\/catolicanet.net\/wp-cnet\/wp-json\/wp\/v2\/posts\/19523","targetHints":{"allow":["GET"]}}],"collection":[{"href":"https:\/\/catolicanet.net\/wp-cnet\/wp-json\/wp\/v2\/posts"}],"about":[{"href":"https:\/\/catolicanet.net\/wp-cnet\/wp-json\/wp\/v2\/types\/post"}],"author":[{"embeddable":true,"href":"https:\/\/catolicanet.net\/wp-cnet\/wp-json\/wp\/v2\/users\/10"}],"replies":[{"embeddable":true,"href":"https:\/\/catolicanet.net\/wp-cnet\/wp-json\/wp\/v2\/comments?post=19523"}],"version-history":[{"count":1,"href":"https:\/\/catolicanet.net\/wp-cnet\/wp-json\/wp\/v2\/posts\/19523\/revisions"}],"predecessor-version":[{"id":21187,"href":"https:\/\/catolicanet.net\/wp-cnet\/wp-json\/wp\/v2\/posts\/19523\/revisions\/21187"}],"wp:attachment":[{"href":"https:\/\/catolicanet.net\/wp-cnet\/wp-json\/wp\/v2\/media?parent=19523"}],"wp:term":[{"taxonomy":"category","embeddable":true,"href":"https:\/\/catolicanet.net\/wp-cnet\/wp-json\/wp\/v2\/categories?post=19523"},{"taxonomy":"post_tag","embeddable":true,"href":"https:\/\/catolicanet.net\/wp-cnet\/wp-json\/wp\/v2\/tags?post=19523"}],"curies":[{"name":"wp","href":"https:\/\/api.w.org\/{rel}","templated":true}]}}