{"id":19521,"date":"2016-11-23T10:54:38","date_gmt":"2016-11-23T12:54:38","guid":{"rendered":"http:\/\/catolicanet.net\/wp-cnet\/2016\/11\/23\/advento-e-natal\/"},"modified":"2017-05-05T14:20:13","modified_gmt":"2017-05-05T17:20:13","slug":"advento-e-natal","status":"publish","type":"post","link":"https:\/\/catolicanet.net\/wp-cnet\/advento-e-natal\/","title":{"rendered":"Advento e Natal"},"content":{"rendered":"<p style=\"text-align: justify;\">As vitrines das lojas j\u00e1 come\u00e7am a apresentar brilhos com enfeites de Natal. O com\u00e9rcio se prepara para o momento prop\u00edcio de faturamento. O clima, tamb\u00e9m com ares de fim de ano, vai mudando aos poucos, provocando uma sensa\u00e7\u00e3o de festas, de presentes, de viagens e de encontros familiares. Conseguimos at\u00e9 nos esquecer de que vivemos situa\u00e7\u00e3o de arroxo e desafios na economia do pa\u00eds.<br \/>Os crist\u00e3os fazem um caminho de prepara\u00e7\u00e3o durante quatro semanas, que chamamos de Advento, para celebrar com qualidade as festas natalinas. Natal \u00e9 anivers\u00e1rio do nascimento de Jesus Cristo, da presen\u00e7a de Deus que se faz homem, divinizando o humano e humanizando o divino. Jesus veio como esperan\u00e7a de luz para todas as na\u00e7\u00f5es, muito mais para os dias de hoje.<br \/>Todo esse clima de Advento e Natal deve ser oportunidade privilegiada de encontro com a Pessoa de Jesus Cristo, superando a mera cultura do consumismo. O verdadeiro presente deve ser o Senhor da hist\u00f3ria, Aquele que d\u00e1 sentido aut\u00eantico para a vida das pessoas. \u00c9 Nele que as fam\u00edlias devem alimentar seus momentos de confraterniza\u00e7\u00e3o e de celebra\u00e7\u00e3o das festividades de fim de ano.<br \/>Quando dizemos que Jesus Cristo \u00e9 a luz para um mundo novo, um Brasil mais humano significa que n\u00e3o podemos caminhar na escurid\u00e3o. Sinto que o nosso processo educativo brasileiro est\u00e1 muito confuso, tendente a deixar o povo na escurid\u00e3o e incapaz de uma cr\u00edtica libertadora. Quanto mais nos distanciamos dos princ\u00edpios orientadores do Evangelho, mais ficamos na confus\u00e3o.<br \/>N\u00e3o podemos ser desatentos \u00e0quilo que \u00e9 essencial, porque provocamos a destrui\u00e7\u00e3o e ca\u00edmos num mundo de \u201cdil\u00favio\u201d. Foi o que aconteceu com o povo do Antigo Testamento, no tempo de No\u00e9, conforme o relato b\u00edblico. Foi um fim de sacrif\u00edcio, mas tamb\u00e9m de recupera\u00e7\u00e3o de for\u00e7as e reanima\u00e7\u00e3o da coragem dos sobreviventes. Ser\u00e1 esse o caminho por onde passa o Brasil?<br \/>No meio de tanta confus\u00e3o, de graves desmandos, falta de testemunho e autenticidade por todos os lados, o Advento e o Natal devem ser espa\u00e7o de esperan\u00e7a, de mostrar que um mundo diferente \u00e9 poss\u00edvel. Para isso \u00e9 preciso superar a ordem social violenta, transformando as armas injustas e destruidoras em instrumentos de trabalho, colocando o projeto de vida como meta a atingir.<\/p>\n","protected":false},"excerpt":{"rendered":"<p>As vitrines das lojas j\u00e1 come\u00e7am a apresentar brilhos com enfeites de Natal. O com\u00e9rcio se prepara para o momento prop\u00edcio de faturamento. O clima, tamb\u00e9m com ares de fim de ano, vai mudando aos poucos, provocando uma sensa\u00e7\u00e3o de festas, de presentes, de viagens e de encontros familiares. Conseguimos at\u00e9 nos esquecer de que [&hellip;]<\/p>\n","protected":false},"author":11,"featured_media":0,"comment_status":"open","ping_status":"open","sticky":false,"template":"","format":"standard","meta":{"footnotes":""},"categories":[9],"tags":[],"class_list":["post-19521","post","type-post","status-publish","format-standard","hentry","category-artigos"],"_links":{"self":[{"href":"https:\/\/catolicanet.net\/wp-cnet\/wp-json\/wp\/v2\/posts\/19521","targetHints":{"allow":["GET"]}}],"collection":[{"href":"https:\/\/catolicanet.net\/wp-cnet\/wp-json\/wp\/v2\/posts"}],"about":[{"href":"https:\/\/catolicanet.net\/wp-cnet\/wp-json\/wp\/v2\/types\/post"}],"author":[{"embeddable":true,"href":"https:\/\/catolicanet.net\/wp-cnet\/wp-json\/wp\/v2\/users\/11"}],"replies":[{"embeddable":true,"href":"https:\/\/catolicanet.net\/wp-cnet\/wp-json\/wp\/v2\/comments?post=19521"}],"version-history":[{"count":1,"href":"https:\/\/catolicanet.net\/wp-cnet\/wp-json\/wp\/v2\/posts\/19521\/revisions"}],"predecessor-version":[{"id":21188,"href":"https:\/\/catolicanet.net\/wp-cnet\/wp-json\/wp\/v2\/posts\/19521\/revisions\/21188"}],"wp:attachment":[{"href":"https:\/\/catolicanet.net\/wp-cnet\/wp-json\/wp\/v2\/media?parent=19521"}],"wp:term":[{"taxonomy":"category","embeddable":true,"href":"https:\/\/catolicanet.net\/wp-cnet\/wp-json\/wp\/v2\/categories?post=19521"},{"taxonomy":"post_tag","embeddable":true,"href":"https:\/\/catolicanet.net\/wp-cnet\/wp-json\/wp\/v2\/tags?post=19521"}],"curies":[{"name":"wp","href":"https:\/\/api.w.org\/{rel}","templated":true}]}}