{"id":19509,"date":"2016-11-22T12:34:09","date_gmt":"2016-11-22T14:34:09","guid":{"rendered":"http:\/\/catolicanet.net\/wp-cnet\/2016\/11\/22\/fisichella-sobre-o-aborto-nenhum-laxismo-mas-misericordia\/"},"modified":"2017-06-02T10:33:45","modified_gmt":"2017-06-02T13:33:45","slug":"fisichella-sobre-o-aborto-nenhum-laxismo-mas-misericordia","status":"publish","type":"post","link":"https:\/\/catolicanet.net\/wp-cnet\/fisichella-sobre-o-aborto-nenhum-laxismo-mas-misericordia\/","title":{"rendered":"Fisichella: sobre o aborto nenhum laxismo, mas miseric\u00f3rdia"},"content":{"rendered":"<p style=\"text-align: justify;\"><img decoding=\"async\" src=\"http:\/\/www.catolicanet.com.br\/images\/stories\/papas\/ansa1109858_articolo.jpg\" border=\"0\" align=\"left\" \/>Cerca de 950 milh\u00f5es de fi\u00e9is atravessaram a Porta Santa nas dioceses\u00a0 e santu\u00e1rios de todo o mundo, uma percentual que pode ter superado 80% dos cat\u00f3licos. Pela primeira vez na hist\u00f3ria dos jubileus as Portas para o Ano Santo foram abertas n\u00e3o somente em Roma, mas ao redor do mundo. A estimativa foi apresentada pelo Presidente do Pontif\u00edcio Conselho para a Promo\u00e7\u00e3o da Nova Evangeliza\u00e7\u00e3o, Dom Rino Fisichella, respons\u00e1vel pela organiza\u00e7\u00e3o do Ano Santo.<\/p>\n<p>Um Jubileu que partiu sob amea\u00e7a de uma onda de viol\u00eancias na Europa, mas foi vivido com tranquilidade. Na coletiva de imprensa de apresenta\u00e7\u00e3o da Carta Apost\u00f3lica do Papa Francisco publicada ao final do Jubileu na manh\u00e3 desta segunda-feira (21), Dom Fisichella se manifestou sobre temas fortes do documento intitulado \u201cMiseric\u00f3rdia e m\u00edsera\u201d.<\/p>\n<p>Sacerdotes poder\u00e3o absolver o pecado do aborto, nenhum laxismo<\/p>\n<p>Entre os temas mais requisitados pelos jornalistas, a grande novidade da Carta Apost\u00f3lica de que Francisco tenha concedido a todos os sacerdotes a faculdade de absolver quem incorreu no pecado do aborto. Dom Fisichella reitera que n\u00e3o se trata de laxismo:<\/p>\n<p>Dom Fisichella \u2013 O Santo Padre reitera muito claramente para evitar equ\u00edvocos de quem quiser ler somente at\u00e9 essa primeira parte: \u2018Gostaria de enaltecer com todas as minhas for\u00e7as que o aborto \u00e9 um pecado grave porque p\u00f5e fim a uma vida inocente. Com a mesma for\u00e7a posso e devo, todavia, afirmar que\u00a0 n\u00e3o existe nenhum pecado que a miseric\u00f3rdia n\u00e3o possa alcan\u00e7ar e destruir quando encontra um cora\u00e7\u00e3o arrependido que procura reconciliar-se com Deus\u2019. Ent\u00e3o, n\u00e3o h\u00e1 nenhuma forma de laxismo. H\u00e1, sim, uma forma com a qual a pessoa \u00e9 consciente da gravidade do pecado, mas se arrependeu e quer se reconciliar com o Senhor.<\/p>\n<p>A Fraternidade de S\u00e3o Pio X<\/p>\n<p>Uma outra quest\u00e3o retomada na coletiva de imprensa \u00e9 que prossegue, inclusive depois do Jubileu e at\u00e9 nova disposi\u00e7\u00e3o \u00e0 proposito, a absolvi\u00e7\u00e3o sacramental dos pecados aos fi\u00e9is que frequentam as igrejas oficiadas pelos sacerdotes da Fraternidade de S\u00e3o Pio X.<\/p>\n<p>Dom Fisichella \u2013 O Papa reitera o que escreveu na carta endere\u00e7ada a mim em virtude do Jubileu. Aqui, obviamente, usa uma express\u00e3o que \u00e9 singularmente significativa. O Papa diz explicitamente: \u2018Estabele\u00e7o por minha pr\u00f3pria decis\u00e3o de estender essa faculdade para al\u00e9m do per\u00edodo jubilar, at\u00e9 novas disposi\u00e7\u00f5es sobre o assunto\u2019. Ent\u00e3o, acredito que o ponto em quest\u00e3o seja aquele; seja mais uma vez a m\u00e3o estendida.<\/p>\n<p>Os momentos marcantes do Jubileu e outras novidades da Carta<\/p>\n<p>Dom Fisichella abordou, tamb\u00e9m, o Dia Mundial dos Pobres proposto na Carta Apost\u00f3lica e sobre o domingo dedicado inteiramente \u00e0 Palavra de Deus. O Presidente do Pontif\u00edcio comentou ainda sobre momentos marcantes vividos durante as Sextas-Feiras da Miseric\u00f3rdia em que o Papa fez as visitas privadas, como aquela \u00e0s mulheres libertadas da escravid\u00e3o da prostitui\u00e7\u00e3o e aquela \u00e0 unidade hospitalar de neonatos. Dom Fisichella fez men\u00e7\u00e3o ainda \u00e0 colabora\u00e7\u00e3o dos 4 mil volunt\u00e1rios do Jubileu: o mais velho de 84 anos e o mais jovem de 18.<\/p>\n<p>Aumentar a \u201ccultura da miseric\u00f3rdia\u201d<\/p>\n<p>Dom Fisichella foi inclusive no profundo da nova Carta Apost\u00f3lica: aumentar a cultura da miseric\u00f3rdia.<\/p>\n<p>Dom Fisichella \u2013 Papa Francisco na sua Carta n\u00e3o faz mais que aprofundar o tema muito caro a ele sobre a miseric\u00f3rdia como dimens\u00e3o essencial da f\u00e9 e do testemunho crist\u00e3o. A provoca\u00e7\u00e3o de reinterpretar as tradicionais obras de miseric\u00f3rdia corporal e espiritual frente \u00e0s novas pobrezas do mundo atual \u00e9 um convite concreto para que as comunidades crist\u00e3s e cada fiel deem espa\u00e7o \u00e0 fantasia da miseric\u00f3rdia para aumentar uma \u2018cultura da miseric\u00f3rdia\u2019 baseada na redescoberta do encontro com os outros: uma cultura em que ningu\u00e9m olha o outro com indiferen\u00e7a nem vira o rosto quando v\u00ea o sofrimento dos irm\u00e3os.<\/p>\n<p>Com o Jubileu o desejo do Papa foi aquele de fazer com que os fi\u00e9is realizassem a experi\u00eancia da miseric\u00f3rdia para se transformar, por sua vez, instrumentos de miseric\u00f3rdia.<\/p>\n<p style=\"text-align: justify;\">\u00a0<\/p>\n<p style=\"text-align: justify;\">Fonte: R\u00e1dio Vaticano<\/p>\n","protected":false},"excerpt":{"rendered":"<p>Cerca de 950 milh\u00f5es de fi\u00e9is atravessaram a Porta Santa nas dioceses\u00a0 e santu\u00e1rios de todo o mundo, uma percentual que pode ter superado 80% dos cat\u00f3licos. Pela primeira vez na hist\u00f3ria dos jubileus as Portas para o Ano Santo foram abertas n\u00e3o somente em Roma, mas ao redor do mundo. A estimativa foi apresentada [&hellip;]<\/p>\n","protected":false},"author":1,"featured_media":19508,"comment_status":"open","ping_status":"open","sticky":false,"template":"","format":"standard","meta":{"footnotes":""},"categories":[3],"tags":[],"class_list":["post-19509","post","type-post","status-publish","format-standard","has-post-thumbnail","hentry","category-vaticano"],"_links":{"self":[{"href":"https:\/\/catolicanet.net\/wp-cnet\/wp-json\/wp\/v2\/posts\/19509","targetHints":{"allow":["GET"]}}],"collection":[{"href":"https:\/\/catolicanet.net\/wp-cnet\/wp-json\/wp\/v2\/posts"}],"about":[{"href":"https:\/\/catolicanet.net\/wp-cnet\/wp-json\/wp\/v2\/types\/post"}],"author":[{"embeddable":true,"href":"https:\/\/catolicanet.net\/wp-cnet\/wp-json\/wp\/v2\/users\/1"}],"replies":[{"embeddable":true,"href":"https:\/\/catolicanet.net\/wp-cnet\/wp-json\/wp\/v2\/comments?post=19509"}],"version-history":[{"count":1,"href":"https:\/\/catolicanet.net\/wp-cnet\/wp-json\/wp\/v2\/posts\/19509\/revisions"}],"predecessor-version":[{"id":27298,"href":"https:\/\/catolicanet.net\/wp-cnet\/wp-json\/wp\/v2\/posts\/19509\/revisions\/27298"}],"wp:featuredmedia":[{"embeddable":true,"href":"https:\/\/catolicanet.net\/wp-cnet\/wp-json\/wp\/v2\/media\/19508"}],"wp:attachment":[{"href":"https:\/\/catolicanet.net\/wp-cnet\/wp-json\/wp\/v2\/media?parent=19509"}],"wp:term":[{"taxonomy":"category","embeddable":true,"href":"https:\/\/catolicanet.net\/wp-cnet\/wp-json\/wp\/v2\/categories?post=19509"},{"taxonomy":"post_tag","embeddable":true,"href":"https:\/\/catolicanet.net\/wp-cnet\/wp-json\/wp\/v2\/tags?post=19509"}],"curies":[{"name":"wp","href":"https:\/\/api.w.org\/{rel}","templated":true}]}}