{"id":19451,"date":"2016-11-18T13:22:10","date_gmt":"2016-11-18T15:22:10","guid":{"rendered":"http:\/\/catolicanet.net\/wp-cnet\/2016\/11\/18\/hoje-a-igreja-celebra-a-dedicacao-das-basilicas-de-sao-pedro-e-sao-paulo\/"},"modified":"2017-05-30T16:26:45","modified_gmt":"2017-05-30T19:26:45","slug":"hoje-a-igreja-celebra-a-dedicacao-das-basilicas-de-sao-pedro-e-sao-paulo","status":"publish","type":"post","link":"https:\/\/catolicanet.net\/wp-cnet\/hoje-a-igreja-celebra-a-dedicacao-das-basilicas-de-sao-pedro-e-sao-paulo\/","title":{"rendered":"Hoje a Igreja celebra a dedica\u00e7\u00e3o das Bas\u00edlicas de S\u00e3o Pedro e S\u00e3o Paulo"},"content":{"rendered":"<p style=\"text-align: justify;\"><img decoding=\"async\" src=\"http:\/\/www.catolicanet.com.br\/images\/stories\/noticias\/xpedroypablo.jpg\" border=\"0\" align=\"left\" \/>REDA\u00c7\u00c3O CENTRAL, 18 Nov. 16 \/ 04:00 am (ACI).- Neste dia 18 de novembro, a Igreja celebra a dedica\u00e7\u00e3o das Bas\u00edlicas dos Ap\u00f3stolos S\u00e3o Pedro e S\u00e3o Paulo, templos em Roma que cont\u00eam os restos mortais destes dois grandes nomes do cristianismo e s\u00edmbolos da fraternidade e da unidade da Igreja.<\/p>\n<p>A Bas\u00edlica de S\u00e3o Pedro, no Vaticano, foi constru\u00edda sobre o t\u00famulo do Ap\u00f3stolo, que morreu crucificado de cabe\u00e7a para baixo. No ano 323, o imperador Constantino mandou construir no local a Bas\u00edlica dedicada \u00e0quele que foi o primeiro Papa da Igreja.<\/p>\n<p>A atual Bas\u00edlica de S\u00e3o Pedro demorou 170 anos para ser edificada. Come\u00e7ou com o Papa Nicolau V, em 1454, e foi terminada pelo Papa Urbano VIII, que a consagrou em 18 de novembro de 1626. A data coincide com a consagra\u00e7\u00e3o da antiga Bas\u00edlica.<\/p>\n<p>Bramante, Rafael, Michelangelo e Bernini, famosos artistas da hist\u00f3ria, trabalharam nela, plasmando o melhor de sua arte.<\/p>\n<p>A Bas\u00edlica de S\u00e3o Pedro mede 212 metros de comprimento, 140 de largura e 133 metros de altura em sua c\u00fapula. N\u00e3o h\u00e1 templo no mundo que se iguale em extens\u00e3o.<\/p>\n<p>A Bas\u00edlica de S\u00e3o Paulo Extramuros \u00e9, depois de S\u00e3o Pedro, o maior templo de Roma. Tamb\u00e9m surgiu por vontade de Constantino. Em 1823, foi destru\u00edda, quase totalmente, por um terr\u00edvel inc\u00eandio. Le\u00e3o XIII iniciou sua reconstru\u00e7\u00e3o e foi consagrada em 10 de dezembro de 1854 pelo Papa Pio IX.<\/p>\n<p>Um fato interessante \u00e9 que, sob as janelas da nave central nas naves laterais, em mosaico, encontram-se os retratos de todos os Papas desde S\u00e3o Pedro at\u00e9 o atual, o Papa Francisco.<\/p>\n<p>Em 2009, por ocasi\u00e3o desta celebra\u00e7\u00e3o, o Papa Bento XVI disse que \u201cesta festa nos proporciona a ocasi\u00e3o de ressaltar o significado e o valor da Igreja. Queridos jovens, amem a Igreja e cooperem com entusiasmo em sua edifica\u00e7\u00e3o\u201d.<\/p>\n<p style=\"text-align: justify;\">\u00a0<\/p>\n<p style=\"text-align: justify;\">Fonte: Acidigital<\/p>\n","protected":false},"excerpt":{"rendered":"<p>REDA\u00c7\u00c3O CENTRAL, 18 Nov. 16 \/ 04:00 am (ACI).- Neste dia 18 de novembro, a Igreja celebra a dedica\u00e7\u00e3o das Bas\u00edlicas dos Ap\u00f3stolos S\u00e3o Pedro e S\u00e3o Paulo, templos em Roma que cont\u00eam os restos mortais destes dois grandes nomes do cristianismo e s\u00edmbolos da fraternidade e da unidade da Igreja. A Bas\u00edlica de S\u00e3o [&hellip;]<\/p>\n","protected":false},"author":1,"featured_media":19450,"comment_status":"open","ping_status":"open","sticky":false,"template":"","format":"standard","meta":{"footnotes":""},"categories":[4],"tags":[],"class_list":["post-19451","post","type-post","status-publish","format-standard","has-post-thumbnail","hentry","category-cotidiano"],"_links":{"self":[{"href":"https:\/\/catolicanet.net\/wp-cnet\/wp-json\/wp\/v2\/posts\/19451","targetHints":{"allow":["GET"]}}],"collection":[{"href":"https:\/\/catolicanet.net\/wp-cnet\/wp-json\/wp\/v2\/posts"}],"about":[{"href":"https:\/\/catolicanet.net\/wp-cnet\/wp-json\/wp\/v2\/types\/post"}],"author":[{"embeddable":true,"href":"https:\/\/catolicanet.net\/wp-cnet\/wp-json\/wp\/v2\/users\/1"}],"replies":[{"embeddable":true,"href":"https:\/\/catolicanet.net\/wp-cnet\/wp-json\/wp\/v2\/comments?post=19451"}],"version-history":[{"count":1,"href":"https:\/\/catolicanet.net\/wp-cnet\/wp-json\/wp\/v2\/posts\/19451\/revisions"}],"predecessor-version":[{"id":24930,"href":"https:\/\/catolicanet.net\/wp-cnet\/wp-json\/wp\/v2\/posts\/19451\/revisions\/24930"}],"wp:featuredmedia":[{"embeddable":true,"href":"https:\/\/catolicanet.net\/wp-cnet\/wp-json\/wp\/v2\/media\/19450"}],"wp:attachment":[{"href":"https:\/\/catolicanet.net\/wp-cnet\/wp-json\/wp\/v2\/media?parent=19451"}],"wp:term":[{"taxonomy":"category","embeddable":true,"href":"https:\/\/catolicanet.net\/wp-cnet\/wp-json\/wp\/v2\/categories?post=19451"},{"taxonomy":"post_tag","embeddable":true,"href":"https:\/\/catolicanet.net\/wp-cnet\/wp-json\/wp\/v2\/tags?post=19451"}],"curies":[{"name":"wp","href":"https:\/\/api.w.org\/{rel}","templated":true}]}}