{"id":19441,"date":"2016-11-18T10:50:16","date_gmt":"2016-11-18T12:50:16","guid":{"rendered":"http:\/\/catolicanet.net\/wp-cnet\/2016\/11\/18\/a-trajetoria-de-um-apostolo-contemporaneo\/"},"modified":"2017-05-05T14:27:57","modified_gmt":"2017-05-05T17:27:57","slug":"a-trajetoria-de-um-apostolo-contemporaneo","status":"publish","type":"post","link":"https:\/\/catolicanet.net\/wp-cnet\/a-trajetoria-de-um-apostolo-contemporaneo\/","title":{"rendered":"A trajet\u00f3ria de um ap\u00f3stolo contempor\u00e2neo"},"content":{"rendered":"<p style=\"text-align: justify;\">O cardeal dom Orani Jo\u00e3o Tempesta preside o Conselho Superior do Instituto Brasileiro de Comunica\u00e7\u00e3o Crist\u00e3. O organismo \u00e9 respons\u00e1vel pela diretriz doutrinal, a garantia dos princ\u00edpios fundamentais das linhas idealizadas por dom Ant\u00f4nio Mucciolo, dom Luciano Mendes de Almeida e o jornalista Monteiro Filho.<br \/>O esp\u00edrito de liberdade e de defesa da paz, da dignidade humana e dos valores \u00e9ticos motivou o cardeal a fomentar o crescimento do Canal da Fam\u00edlia em 2016.<br \/>A liga\u00e7\u00e3o \u00e9 antiga, come\u00e7ando em 97 quando a emissora tinha dois anos de exist\u00eancia. Dom Orani Jo\u00e3o Tempesta foi eleito bispo de Rio Preto e abra\u00e7ou a Rede Vida como ponto expressivo, elo significativo da diocese para com o pa\u00eds. Com experi\u00eancia ativa na \u00e1rea da comunica\u00e7\u00e3o social, o cisterciense paulista orientou a TV e passou a integrar o Conselho do Inbrac.<br \/>A transfer\u00eancia para arcebispo de Bel\u00e9m do Par\u00e1 n\u00e3o limitou sua miss\u00e3o de apoio a emissora, levando inclusive a Rede Vida a uma aproxima\u00e7\u00e3o mais fecunda com a devo\u00e7\u00e3o mariana de Nossa Senhora de Nazar\u00e9. A mais not\u00e1vel romaria da Amaz\u00f4nia ganhou impulso extraordin\u00e1rio com a presen\u00e7a de dom Orani Jo\u00e3o Tempesta como arcebispo metropolitano.<br \/>A nomea\u00e7\u00e3o para arcebispo do Rio de Janeiro para suceder a dom Eus\u00e9bio Scheid consolidou a habilidade articuladora, reconhecendo em sua capacidade de di\u00e1logo com as culturas e a comunica\u00e7\u00e3o os pontos determinantes para atender as novas demandas cariocas. A arquidiocese protegida por S\u00e3o Sebasti\u00e3o encontrou em dom Orani Tempesta um &#8220;guerreiro&#8221; para as causas sociais, culturais e religiosas, numa cidade maravilhosa e diversificada.<br \/>O maior desafio foi abrigar a realiza\u00e7\u00e3o da Jornada Mundial da Juventude. A complexidade da JMJ, as exig\u00eancias financeiras e estruturais, o atendimento pastoral e log\u00edstico, pediram um arcebispo aberto ao di\u00e1logo, com voca\u00e7\u00e3o plena para a\u00e7\u00f5es pol\u00edticas com autoridades em particular e motivador da juventude em geral.<br \/>A Jornada Mundial da Juventude foi tarefa cara e rara, mas promoveu aut\u00eantica revolu\u00e7\u00e3o no cora\u00e7\u00e3o dos jovens de todas as idades. O \u00eaxito da JMJ foi surpreendente pela desconfian\u00e7a at\u00e9 mesmo dentro da igreja. O carisma pessoal de dom Orani Jo\u00e3o Tempesta fez brilhar de mat\u00e9ria not\u00e1vel a presen\u00e7a do papa Francisco. O argentino no trono de Pedro saiu satisfeito com o trabalho articulado do arcebispo brasileiro. Em 22 de fevereiro de 2014, no consist\u00f3rio no Vaticano, foi criado cardeal. <br \/>O minist\u00e9rio pastoral \u00e9 um grande desafio no Rio. O cardeal foi v\u00edtima de assaltos e viol\u00eancia, mas ganhou capa de jornais e revistas por sua coragem e testemunho. O Rio Celebra \u00e9 um projeto que contempla missas aos s\u00e1bados em diferentes par\u00f3quias, com transmiss\u00f5es ao vivo pela Rede Vida.\u00a0 <br \/>Dom Orani Jo\u00e3o Tempesta nasceu em S\u00e3o Jos\u00e9 do Rio Pardo, no dia 23 de junho de 1950. Bispo de Rio Preto em 97, arcebispo de Bel\u00e9m em 2004, transferido em 2009 para ser o 18o. do Rio de Janeiro, 7o. arcebispo e 6o. cardeal tem encargo prof\u00e9tico. <br \/>Como arcebispo do Rio e presidente da Rede Vida vai comandar o Ano Mariano no Canal da Fam\u00edlia, as celebra\u00e7\u00f5es dos 100 anos das apari\u00e7\u00f5es de Maria em F\u00e1tima e os 300 anos do encontro da imagem de Nossa Senhora da Concei\u00e7\u00e3o. Um cardeal com caracter\u00edsticas de um apostolo contempor\u00e2neo.<\/p>\n<p>Luiz Ant\u00f4nio Monteiro, conselheiro do Inbrac e diretor da TV Independente.<\/p>\n","protected":false},"excerpt":{"rendered":"<p>O cardeal dom Orani Jo\u00e3o Tempesta preside o Conselho Superior do Instituto Brasileiro de Comunica\u00e7\u00e3o Crist\u00e3. O organismo \u00e9 respons\u00e1vel pela diretriz doutrinal, a garantia dos princ\u00edpios fundamentais das linhas idealizadas por dom Ant\u00f4nio Mucciolo, dom Luciano Mendes de Almeida e o jornalista Monteiro Filho.O esp\u00edrito de liberdade e de defesa da paz, da dignidade [&hellip;]<\/p>\n","protected":false},"author":1,"featured_media":0,"comment_status":"open","ping_status":"open","sticky":false,"template":"","format":"standard","meta":{"footnotes":""},"categories":[9],"tags":[],"class_list":["post-19441","post","type-post","status-publish","format-standard","hentry","category-artigos"],"_links":{"self":[{"href":"https:\/\/catolicanet.net\/wp-cnet\/wp-json\/wp\/v2\/posts\/19441","targetHints":{"allow":["GET"]}}],"collection":[{"href":"https:\/\/catolicanet.net\/wp-cnet\/wp-json\/wp\/v2\/posts"}],"about":[{"href":"https:\/\/catolicanet.net\/wp-cnet\/wp-json\/wp\/v2\/types\/post"}],"author":[{"embeddable":true,"href":"https:\/\/catolicanet.net\/wp-cnet\/wp-json\/wp\/v2\/users\/1"}],"replies":[{"embeddable":true,"href":"https:\/\/catolicanet.net\/wp-cnet\/wp-json\/wp\/v2\/comments?post=19441"}],"version-history":[{"count":1,"href":"https:\/\/catolicanet.net\/wp-cnet\/wp-json\/wp\/v2\/posts\/19441\/revisions"}],"predecessor-version":[{"id":21196,"href":"https:\/\/catolicanet.net\/wp-cnet\/wp-json\/wp\/v2\/posts\/19441\/revisions\/21196"}],"wp:attachment":[{"href":"https:\/\/catolicanet.net\/wp-cnet\/wp-json\/wp\/v2\/media?parent=19441"}],"wp:term":[{"taxonomy":"category","embeddable":true,"href":"https:\/\/catolicanet.net\/wp-cnet\/wp-json\/wp\/v2\/categories?post=19441"},{"taxonomy":"post_tag","embeddable":true,"href":"https:\/\/catolicanet.net\/wp-cnet\/wp-json\/wp\/v2\/tags?post=19441"}],"curies":[{"name":"wp","href":"https:\/\/api.w.org\/{rel}","templated":true}]}}