{"id":19438,"date":"2016-11-17T16:56:46","date_gmt":"2016-11-17T18:56:46","guid":{"rendered":"http:\/\/catolicanet.net\/wp-cnet\/2016\/11\/17\/africarepublica-centro-africana-o-cardeal-recem-nomeado-nzapalainga-distribui-material-escolar-e-alimentos-as-criancas-do-km5\/"},"modified":"2017-05-29T15:12:46","modified_gmt":"2017-05-29T18:12:46","slug":"africarepublica-centro-africana-o-cardeal-recem-nomeado-nzapalainga-distribui-material-escolar-e-alimentos-as-criancas-do-km5","status":"publish","type":"post","link":"https:\/\/catolicanet.net\/wp-cnet\/africarepublica-centro-africana-o-cardeal-recem-nomeado-nzapalainga-distribui-material-escolar-e-alimentos-as-criancas-do-km5\/","title":{"rendered":"\u00c1FRICA\/REP\u00daBLICA CENTRO-AFRICANA &#8211; O cardeal rec\u00e9m-nomeado Nzapalainga distribui material escolar e alimentos \u00e0s crian\u00e7as do Km5"},"content":{"rendered":"<p style=\"text-align: justify;\"><img decoding=\"async\" src=\"http:\/\/www.catolicanet.com.br\/images\/stories\/noticias\/primopiano_2872.jpg\" border=\"0\" align=\"left\" \/>Bangui (Ag\u00eancia Fides) &#8211; \u201cVim para que as crian\u00e7as cujos pais n\u00e3o t\u00eam meios para faz\u00ea-los estudar e os \u00f3rf\u00e3os abandonados possam estudar; no futuro espero que possam ser enfermeiros, ministros e deputados\u201d, declarou o rec\u00e9m-nomeado Cardeal Nzapalainga, arcebispo de Bangui, visitando o km5 da capital da Rep\u00fablica Centro-africana, onde distribuiu material escolar e v\u00edveres aos moradores, em grande parte de religi\u00e3o mu\u00e7ulmana.<br \/>O Km5 \u00e9 um bairro onde h\u00e1 tiroteios que colocam em risco a escolariza\u00e7\u00e3o das crian\u00e7as residentes, frequentemente em condi\u00e7\u00f5es prec\u00e1rias. Os pr\u00f3prios professores indicados para as escolas do bairro se recusam a ir trabalhar, temendo por sua pr\u00f3pria seguran\u00e7a.<br \/>O futuro cardeal decidiu oferecer uma ajuda concreta, entregando pessoalmente material escolar e pacotes de alimentos para encorajar crian\u00e7as e jovens a estudar. Al\u00e9m de cadernos e lousas, foram tamb\u00e9m distribu\u00eddos sacos de arroz, latas de \u00f3leo e latas de sardinha.<br \/>O gesto foi bem recebido pelo conselheiro da circunscri\u00e7\u00e3o local, Abdoulaye Aroufaye, que convidou os alunos a frequentar as escolas.<\/p>\n<p style=\"text-align: justify;\">\u00a0<\/p>\n<p style=\"text-align: justify;\">Fonte: Ag\u00eancia Fides<\/p>\n","protected":false},"excerpt":{"rendered":"<p>Bangui (Ag\u00eancia Fides) &#8211; \u201cVim para que as crian\u00e7as cujos pais n\u00e3o t\u00eam meios para faz\u00ea-los estudar e os \u00f3rf\u00e3os abandonados possam estudar; no futuro espero que possam ser enfermeiros, ministros e deputados\u201d, declarou o rec\u00e9m-nomeado Cardeal Nzapalainga, arcebispo de Bangui, visitando o km5 da capital da Rep\u00fablica Centro-africana, onde distribuiu material escolar e v\u00edveres [&hellip;]<\/p>\n","protected":false},"author":1,"featured_media":19437,"comment_status":"open","ping_status":"open","sticky":false,"template":"","format":"standard","meta":{"footnotes":""},"categories":[7],"tags":[],"class_list":["post-19438","post","type-post","status-publish","format-standard","has-post-thumbnail","hentry","category-cnbb"],"_links":{"self":[{"href":"https:\/\/catolicanet.net\/wp-cnet\/wp-json\/wp\/v2\/posts\/19438","targetHints":{"allow":["GET"]}}],"collection":[{"href":"https:\/\/catolicanet.net\/wp-cnet\/wp-json\/wp\/v2\/posts"}],"about":[{"href":"https:\/\/catolicanet.net\/wp-cnet\/wp-json\/wp\/v2\/types\/post"}],"author":[{"embeddable":true,"href":"https:\/\/catolicanet.net\/wp-cnet\/wp-json\/wp\/v2\/users\/1"}],"replies":[{"embeddable":true,"href":"https:\/\/catolicanet.net\/wp-cnet\/wp-json\/wp\/v2\/comments?post=19438"}],"version-history":[{"count":1,"href":"https:\/\/catolicanet.net\/wp-cnet\/wp-json\/wp\/v2\/posts\/19438\/revisions"}],"predecessor-version":[{"id":24145,"href":"https:\/\/catolicanet.net\/wp-cnet\/wp-json\/wp\/v2\/posts\/19438\/revisions\/24145"}],"wp:featuredmedia":[{"embeddable":true,"href":"https:\/\/catolicanet.net\/wp-cnet\/wp-json\/wp\/v2\/media\/19437"}],"wp:attachment":[{"href":"https:\/\/catolicanet.net\/wp-cnet\/wp-json\/wp\/v2\/media?parent=19438"}],"wp:term":[{"taxonomy":"category","embeddable":true,"href":"https:\/\/catolicanet.net\/wp-cnet\/wp-json\/wp\/v2\/categories?post=19438"},{"taxonomy":"post_tag","embeddable":true,"href":"https:\/\/catolicanet.net\/wp-cnet\/wp-json\/wp\/v2\/tags?post=19438"}],"curies":[{"name":"wp","href":"https:\/\/api.w.org\/{rel}","templated":true}]}}