{"id":19346,"date":"2016-11-11T12:41:31","date_gmt":"2016-11-11T14:41:31","guid":{"rendered":"http:\/\/catolicanet.net\/wp-cnet\/2016\/11\/11\/odor-suave-e-perturbacoes-eletromagneticas-abertura-do-sepulcro-de-cristo-surpreende-observadores-um-evento-historico-marcado-pelo-misterio\/"},"modified":"2017-05-31T13:33:59","modified_gmt":"2017-05-31T16:33:59","slug":"odor-suave-e-perturbacoes-eletromagneticas-abertura-do-sepulcro-de-cristo-surpreende-observadores-um-evento-historico-marcado-pelo-misterio","status":"publish","type":"post","link":"https:\/\/catolicanet.net\/wp-cnet\/odor-suave-e-perturbacoes-eletromagneticas-abertura-do-sepulcro-de-cristo-surpreende-observadores-um-evento-historico-marcado-pelo-misterio\/","title":{"rendered":"\u201cOdor suave\u201d e \u201cperturba\u00e7\u00f5es eletromagn\u00e9ticas\u201d: abertura do sepulcro de Cristo surpreende observadores Um evento hist\u00f3rico marcado pelo mist\u00e9rio"},"content":{"rendered":"<p style=\"text-align: justify;\"><img decoding=\"async\" src=\"http:\/\/www.catolicanet.com.br\/images\/stories\/noticias\/tomb-jesus.jpg\" border=\"0\" align=\"left\" \/>\u201cOdor suave\u201d e \u201cperturba\u00e7\u00f5es eletromagn\u00e9ticas\u201d: abertura do sepulcro de Cristo surpreende observadores<\/p>\n<p style=\"text-align: justify;\">Nos dias 26, 27 e 28 de outubro de 2016, a grande pedra de m\u00e1rmore que sela o sepulcro de Cristo foi aberta. Somente um grupo de cientistas e religiosos teve acesso ao local, mas come\u00e7aram imediatamente a correr mundo os rumores em torno ao acontecimento de propor\u00e7\u00f5es hist\u00f3ricas.<\/p>\n<p>O primeiro epis\u00f3dio a chamar a aten\u00e7\u00e3o foi protagonizado pelo \u201codor suave\u201d que emanou do sepulcro, semelhante \u00e0s manifesta\u00e7\u00f5es olfativas associadas a alguns santos. Al\u00e9m disto, certos instrumentos de medi\u00e7\u00e3o empregados pelos cientistas sofreram altera\u00e7\u00f5es devido a \u201cperturba\u00e7\u00f5es eletromagn\u00e9ticas\u201d: assim que eram colocados na vertical sobre a pedra em que tinha repousado o corpo de Cristo, os aparelhos paravam de funcionar ou funcionavam mal.<\/p>\n<p>Marie-Armelle Beaulieu, chefe de reda\u00e7\u00e3o da Terre Sainte Magazine, conseguiu autoriza\u00e7\u00e3o para visitar o local e se mostra circunspecta quanto aos rumores associados ao \u201codor suave\u201d. Al\u00e9m de opinar que um odor \u00e9 facilmente sugestion\u00e1vel, ela relata que n\u00e3o percebeu nenhum aroma particular. De fato, durante a abertura anterior do sepulcro, que foi parcial e esteve a cargo do arquiteto Nikolaos Komnenos em 1809, o cronista da \u00e9poca tamb\u00e9m fez men\u00e7\u00e3o a um \u201cdoce aroma\u201d. As pessoas que se interessam pelo Santo Sepulcro conhecem bem esse texto, o que torna mais prov\u00e1vel a tese da autossugest\u00e3o ligada ao odor.<\/p>\n<p>J\u00e1 no tocante \u00e0s perturba\u00e7\u00f5es eletromagn\u00e9ticas registradas pelo instrumental cient\u00edfico, Marie-Armelle Beaulieu se mostra bem menos c\u00e9tica: o fen\u00f4meno, afinal, foi confirmado a ela pr\u00f3pria por um dos cientistas autorizados a acessar o sepulcro. A este prop\u00f3sito, a diretora de obras Antonia Moropoulou observou, enfaticamente, que \u00e9 dif\u00edcil um profissional relevante colocar a pr\u00f3pria reputa\u00e7\u00e3o em risco por conta de um \u201ctruque publicit\u00e1rio\u201d. A jornalista ainda testemunhou a surpresa dos cientistas durante a abertura da pedra: eles esperavam que a tumba estivesse em um n\u00edvel muito mais baixo do que estava de fato. Acontece que as an\u00e1lises pr\u00e9vias parecem ter sofrido distor\u00e7\u00f5es provocadas pelas perturba\u00e7\u00f5es eletromagn\u00e9ticas do sepulcro de Cristo \u2013 e para apontar os motivos de tal fen\u00f4meno sobram especula\u00e7\u00f5es, que variam entre o mais elaborado e o mais rid\u00edculo.<\/p>\n<p>A abertura da pedra frontal e a revela\u00e7\u00e3o da pedra interna sobre a qual teria repousado o corpo de Cristo demonstraram a conformidade do sepulcro com os costumes f\u00fanebres dos judeus do s\u00e9culo I. Mas, segundo Marie-Armelle Beaulieu, o essencial est\u00e1 em outro aspecto. \u201cPara mim seria extraordin\u00e1rio se os peritos conseguissem demonstrar que esta pedra foi mesmo o local em que se colocou o corpo de Cristo, mas, mesmo que eles provassem o contr\u00e1rio, ela ainda continuaria sendo um sinal da Ressurrei\u00e7\u00e3o\u201d.<\/p>\n<p>A jornalista que fez parte do privilegiado grupo a entrar no Santo Sepulcro mora em Jerusal\u00e9m h\u00e1 17 anos e confessa:<\/p>\n<p>\u201cA igreja do Santo Sepulcro \u00e9 um local desconcertante. No come\u00e7o eu n\u00e3o gostava muito dela. Esperava uma igreja linda e encontrei esse lugar de arquitetura estranha, que n\u00e3o lembra em nada as cenas b\u00edblicas. N\u00e3o h\u00e1 nenhum rastro do jardim, por exemplo. Mas, com o tempo, fui desenvolvendo um apego durante as prociss\u00f5es de que participo com os franciscanos. N\u00e3o \u00e9 um lugar para visitar, mas para orar. Gra\u00e7as a um religioso, eu pude entrar at\u00e9 a rocha que sustentou o corpo de Cristo, algo que nunca teria imaginado! Eu me senti num estado estranho, como que sem gravidade, mas me lembro de todos os detalhes. Nunca mais irei ao Santo Sepulcro da mesma forma\u201d.<\/p>\n<p>\u201cAgora j\u00e1 recolocaram a pedra de m\u00e1rmore e s\u00f3 \u00e9 poss\u00edvel ver a cripta parcialmente, atrav\u00e9s de uma abertura (protegida com um cristal blindado, ndr). Mas eu sei que a pedra est\u00e1 l\u00e1. Eu tinha o costume de fazer uma genuflex\u00e3o diante do t\u00famulo de Cristo, mas depois refleti e achei que isso \u00e9 absurdo, porque l\u00e1 n\u00e3o h\u00e1 mais nenhuma Presen\u00e7a real! E diante da santa Eucaristia que devemos fazer a genuflex\u00e3o! Mas, no Santo Sepulcro, diante desse t\u00famulo, h\u00e1 uma \u2018Aus\u00eancia real\u2019. Um t\u00famulo vazio! Um milagre diante do qual todo joelho se dobra, no C\u00e9u, na terra e nos infernos\u201d.<\/p>\n<p>N\u00e3o deixe de ler tamb\u00e9m:<\/p>\n<p>O Santo Sepulcro de Jesus Cristo, aberto ap\u00f3s s\u00e9culos para exame cient\u00edfico: saiba dos detalhes!<\/p>\n<p style=\"text-align: justify;\">\u00a0<\/p>\n<p style=\"text-align: justify;\">Fonte: Aleteia<\/p>\n","protected":false},"excerpt":{"rendered":"<p>\u201cOdor suave\u201d e \u201cperturba\u00e7\u00f5es eletromagn\u00e9ticas\u201d: abertura do sepulcro de Cristo surpreende observadores Nos dias 26, 27 e 28 de outubro de 2016, a grande pedra de m\u00e1rmore que sela o sepulcro de Cristo foi aberta. Somente um grupo de cientistas e religiosos teve acesso ao local, mas come\u00e7aram imediatamente a correr mundo os rumores em [&hellip;]<\/p>\n","protected":false},"author":1,"featured_media":19345,"comment_status":"open","ping_status":"open","sticky":false,"template":"","format":"standard","meta":{"footnotes":""},"categories":[4],"tags":[],"class_list":["post-19346","post","type-post","status-publish","format-standard","has-post-thumbnail","hentry","category-cotidiano"],"_links":{"self":[{"href":"https:\/\/catolicanet.net\/wp-cnet\/wp-json\/wp\/v2\/posts\/19346","targetHints":{"allow":["GET"]}}],"collection":[{"href":"https:\/\/catolicanet.net\/wp-cnet\/wp-json\/wp\/v2\/posts"}],"about":[{"href":"https:\/\/catolicanet.net\/wp-cnet\/wp-json\/wp\/v2\/types\/post"}],"author":[{"embeddable":true,"href":"https:\/\/catolicanet.net\/wp-cnet\/wp-json\/wp\/v2\/users\/1"}],"replies":[{"embeddable":true,"href":"https:\/\/catolicanet.net\/wp-cnet\/wp-json\/wp\/v2\/comments?post=19346"}],"version-history":[{"count":1,"href":"https:\/\/catolicanet.net\/wp-cnet\/wp-json\/wp\/v2\/posts\/19346\/revisions"}],"predecessor-version":[{"id":24948,"href":"https:\/\/catolicanet.net\/wp-cnet\/wp-json\/wp\/v2\/posts\/19346\/revisions\/24948"}],"wp:featuredmedia":[{"embeddable":true,"href":"https:\/\/catolicanet.net\/wp-cnet\/wp-json\/wp\/v2\/media\/19345"}],"wp:attachment":[{"href":"https:\/\/catolicanet.net\/wp-cnet\/wp-json\/wp\/v2\/media?parent=19346"}],"wp:term":[{"taxonomy":"category","embeddable":true,"href":"https:\/\/catolicanet.net\/wp-cnet\/wp-json\/wp\/v2\/categories?post=19346"},{"taxonomy":"post_tag","embeddable":true,"href":"https:\/\/catolicanet.net\/wp-cnet\/wp-json\/wp\/v2\/tags?post=19346"}],"curies":[{"name":"wp","href":"https:\/\/api.w.org\/{rel}","templated":true}]}}